{"id":261133,"date":"2020-12-01T11:39:19","date_gmt":"2020-12-01T11:39:19","guid":{"rendered":"http:\/\/diariodominicano.ddns.net\/?p=261133"},"modified":"2020-12-01T11:39:19","modified_gmt":"2020-12-01T11:39:19","slug":"viven-22-millones-de-personas-con-vih-en-mozambique-africa","status":"publish","type":"post","link":"https:\/\/diariodominicano.com\/?p=261133","title":{"rendered":"&#13;Viven 2,2 millones de personas con VIH en Mozambique, Africa"},"content":{"rendered":"<p><body><\/p>\n<p><span class=\"text1noticias\">diariodominicano.com<\/span><\/p>\n<p><span class=\"text1noticias\">   MAPUTO, 1 dic (Xinhua) &#8212; Mozambique tiene alrededor de 2,2 millones de personas que viven con VIH\/SIDA, y la actual tasa de prevalencia se mantiene en 13,2 por ciento entre la poblaci\u00f3n de 14 a 49 a\u00f1os del pa\u00eds, dijo hoy el presidente mozambique\u00f1o Filipe Nyusi.<\/span><\/p>\n<\/p>\n<p><span class=\"text1noticias\">   En 2019, el pa\u00eds registr\u00f3 120.000 nuevos contagios en adultos y 15.000 en ni\u00f1os menores de 14 a\u00f1os, se\u00f1al\u00f3 el presidente, quien habl\u00f3 en la ceremonia con motivo del D\u00eda Mundial del SIDA en Maputo.<\/span><\/p>\n<\/p>\n<p><span class=\"text1noticias\">   La cifra \u00abdemuestra que todav\u00eda tenemos un largo camino por recorrer en cuanto a la adopci\u00f3n de medios preventivos probados contra los contagios por la enfermedad\u00bb, dijo el presidente.<\/span><\/p>\n<\/p>\n<p><span class=\"text1noticias\">   Indic\u00f3 que la COVID-19 es otro desaf\u00edo para los esfuerzos de lucha contra el VIH\/SIDA, que no desaparece con el surgimiento de la COVID-19, y que la lucha contra la enfermedad deber\u00eda ser una preocupaci\u00f3n de todos.<\/span><\/p>\n<\/p>\n<p><span class=\"text1noticias\">   Las estad\u00edsticas mostraron que la provincia central de Zambezia es la que tiene el mayor n\u00famero de nuevos contagios, alrededor de 27.000, seguida de la provincia de Nampula, la \u00fanica que tiene una tendencia claramente creciente.<\/span><\/p>\n<\/p>\n<p><span class=\"text1noticias\">   El pa\u00eds logr\u00f3 aumentar el n\u00famero de personas que reciben tratamiento antirretroviral, de unas 10.000 en 2004 a m\u00e1s de 1,3 millones en 2020, dijo en el evento el secretario ejecutivo del Consejo Nacional de Lucha contra el VIH\/SIDA, Francisco Mbofan<\/span>a.<\/p>\n<h6> 2020-12-01 11:39:19 <\/h6>\n<p><!--\n<link rel=\"stylesheet\" href=\"css\/bootstrap.min.css\">\n\n\n<ul class=\"pagination\">\n\t    \n\t\n\n<li >\n\t<a href='?page_no=433'>Previous<\/a>\n\t<\/li>\n\n\n       \n    \n\n<li><a href='?page_no=1'>1<\/a><\/li>\n\n\n\n<li><a href='?page_no=2'>2<\/a><\/li>\n\n\n\n<li><a>...<\/a><\/li>\n\n\n\n<li><a href='?page_no=432'>432<\/a><\/li>\n\n\n\n<li><a href='?page_no=433'>433<\/a><\/li>\n\n\n\n<li class='active'><a>434<\/a><\/li>\n\n\n\n<li><a href='?page_no=435'>435<\/a><\/li>\n\n\n\n<li><a href='?page_no=436'>436<\/a><\/li>\n\n\n\n<li><a>...<\/a><\/li>\n\n\n\n<li><a href='?page_no=446'>446<\/a><\/li>\n\n\n\n<li><a href='?page_no=447'>447<\/a><\/li>\n\n    \n\t\n\n<li >\n\t<a href='?page_no=435'>Next<\/a>\n\t<\/li>\n\n\n    \n\n<li><a href='?page_no=447'>Last &rsaquo;&rsaquo;<\/a><\/li>\n\n<\/ul>\n\n\n--><br \/>\n<\/body><\/p>\n","protected":false},"excerpt":{"rendered":"<p>diariodominicano.com MAPUTO, 1 dic (Xinhua) &#8212; Mozambique tiene alrededor de 2,2 millones de personas que viven con VIH\/SIDA, y la actual tasa de prevalencia se mantiene en 13,2 por ciento entre la poblaci\u00f3n de 14 a 49 a\u00f1os del pa\u00eds, dijo hoy el presidente mozambique\u00f1o Filipe Nyusi. En 2019, el pa\u00eds registr\u00f3 120.000 nuevos contagios [&hellip;]<\/p>\n","protected":false},"author":3,"featured_media":0,"comment_status":"open","ping_status":"open","sticky":false,"template":"","format":"standard","meta":{"footnotes":""},"categories":[23],"tags":[],"class_list":["post-261133","post","type-post","status-publish","format-standard","hentry","category-internacional"],"_links":{"self":[{"href":"https:\/\/diariodominicano.com\/index.php?rest_route=\/wp\/v2\/posts\/261133","targetHints":{"allow":["GET"]}}],"collection":[{"href":"https:\/\/diariodominicano.com\/index.php?rest_route=\/wp\/v2\/posts"}],"about":[{"href":"https:\/\/diariodominicano.com\/index.php?rest_route=\/wp\/v2\/types\/post"}],"author":[{"embeddable":true,"href":"https:\/\/diariodominicano.com\/index.php?rest_route=\/wp\/v2\/users\/3"}],"replies":[{"embeddable":true,"href":"https:\/\/diariodominicano.com\/index.php?rest_route=%2Fwp%2Fv2%2Fcomments&post=261133"}],"version-history":[{"count":0,"href":"https:\/\/diariodominicano.com\/index.php?rest_route=\/wp\/v2\/posts\/261133\/revisions"}],"wp:attachment":[{"href":"https:\/\/diariodominicano.com\/index.php?rest_route=%2Fwp%2Fv2%2Fmedia&parent=261133"}],"wp:term":[{"taxonomy":"category","embeddable":true,"href":"https:\/\/diariodominicano.com\/index.php?rest_route=%2Fwp%2Fv2%2Fcategories&post=261133"},{"taxonomy":"post_tag","embeddable":true,"href":"https:\/\/diariodominicano.com\/index.php?rest_route=%2Fwp%2Fv2%2Ftags&post=261133"}],"curies":[{"name":"wp","href":"https:\/\/api.w.org\/{rel}","templated":true}]}}