{"id":261130,"date":"2020-12-01T12:11:31","date_gmt":"2020-12-01T12:11:31","guid":{"rendered":"http:\/\/diariodominicano.ddns.net\/?p=261130"},"modified":"2020-12-01T12:11:31","modified_gmt":"2020-12-01T12:11:31","slug":"mexico-en-mala-situacion-con-aumento-de-casos-de-la-covid-19-segun-oms","status":"publish","type":"post","link":"https:\/\/diariodominicano.com\/?p=261130","title":{"rendered":"M\u00e9xico en \u00abmala situaci\u00f3n\u00bb con aumento de casos de la COVID-19, seg\u00fan OMS"},"content":{"rendered":"<p><body><\/p>\n<p><img decoding=\"async\" src=\"http:\/\/localhost:8080\/img3\/mexico1-12-20.jpg\" \/>  <\/p>\n<p><span class=\"text1noticias\">diariodominicano.com<\/span><\/p>\n<p><span class=\"text1noticias\">GINEBRA, 30 nov (Xinhua) &#8212; El director general de la Organizaci\u00f3n Mundial de la Salud (OMS), Tedros Adhanom Ghebreyesus, advirti\u00f3 el lunes que \u00abM\u00e9xico est\u00e1 en mal estado\u00bb con la pandemia de la COVID-19 y pidi\u00f3 una acci\u00f3n inmediata para frenar el aumento de casos.<\/span><\/p>\n<p><span class=\"text1noticias\"> <\/span><\/p>\n<p><span class=\"text1noticias\">\u00abEl n\u00famero creciente de casos y muertes en M\u00e9xico es muy preocupante\u00bb, dijo el jefe de la OMS en una conferencia de prensa en Ginebra, instando a M\u00e9xico \u00aba ser muy serio\u00bb.<\/span><\/p>\n<p><span class=\"text1noticias\"> <\/span><\/p>\n<p><span class=\"text1noticias\">La advertencia se produjo mientras M\u00e9xico registr\u00f3 6.472 nuevos casos y 285 muertes m\u00e1s el lunes, elevando el total de casos a 1.113.543, con 105.940 muertes.<\/span><\/p>\n<p><span class=\"text1noticias\"> <\/span><\/p>\n<p><span class=\"text1noticias\">Expertos en salud p\u00fablica dijeron que es probable que la cifra real sea significativamente m\u00e1s alta debido al escaso n\u00famero de pruebas practicadas.<\/span><\/p>\n<p><span class=\"text1noticias\"> <\/span><\/p>\n<p><span class=\"text1noticias\">El n\u00famero de v\u00edctimas mortales de la COVID-19 en M\u00e9xico super\u00f3 las 100.000 el 19 de noviembre, convirti\u00e9ndose en el cuarto pa\u00eds en el mundo en alcanzar este preocupante umbral despu\u00e9s de Estados Unidos, Brasil y la India.<\/span><\/p>\n<p><span class=\"text1noticias\"> <\/span><\/p>\n<p><span class=\"text1noticias\">El titular de la OMS tambi\u00e9n destac\u00f3 la importancia de usar mascarillas, la higiene y mantener la distancia f\u00edsica, llamando a los l\u00edderes mexicanos a \u00abser un ejemplo\u00bb para los c<\/span>iudadanos.<\/p>\n<\/p>\n<p><span class=\"text1noticias\">(Multimedia)  <\/span><\/p>\n<p><span class=\"text1noticias\">Trabajadores desinfectan un quiosco de la salud donde se realizan pruebas r\u00e1pidas de detecci\u00f3n de la enfermedad causada por el nuevo coronavirus (COVID-19), en la Ciudad de M\u00e9xico, capital de M\u00e9xico, el 30 de noviembre de 2020. (Xinhua\/Montserrat L\u00f3pez)<\/span><\/p>\n<h6> 2020-12-01 12:11:31 <\/h6>\n<p><!--\n<link rel=\"stylesheet\" href=\"css\/bootstrap.min.css\">\n\n\n<ul class=\"pagination\">\n\t    \n\t\n\n<li >\n\t<a href='?page_no=430'>Previous<\/a>\n\t<\/li>\n\n\n       \n    \n\n<li><a href='?page_no=1'>1<\/a><\/li>\n\n\n\n<li><a href='?page_no=2'>2<\/a><\/li>\n\n\n\n<li><a>...<\/a><\/li>\n\n\n\n<li><a href='?page_no=429'>429<\/a><\/li>\n\n\n\n<li><a href='?page_no=430'>430<\/a><\/li>\n\n\n\n<li class='active'><a>431<\/a><\/li>\n\n\n\n<li><a href='?page_no=432'>432<\/a><\/li>\n\n\n\n<li><a href='?page_no=433'>433<\/a><\/li>\n\n\n\n<li><a>...<\/a><\/li>\n\n\n\n<li><a href='?page_no=446'>446<\/a><\/li>\n\n\n\n<li><a href='?page_no=447'>447<\/a><\/li>\n\n    \n\t\n\n<li >\n\t<a href='?page_no=432'>Next<\/a>\n\t<\/li>\n\n\n    \n\n<li><a href='?page_no=447'>Last &rsaquo;&rsaquo;<\/a><\/li>\n\n<\/ul>\n\n\n--><br \/>\n<\/body><\/p>\n","protected":false},"excerpt":{"rendered":"<p>diariodominicano.com GINEBRA, 30 nov (Xinhua) &#8212; El director general de la Organizaci\u00f3n Mundial de la Salud (OMS), Tedros Adhanom Ghebreyesus, advirti\u00f3 el lunes que \u00abM\u00e9xico est\u00e1 en mal estado\u00bb con la pandemia de la COVID-19 y pidi\u00f3 una acci\u00f3n inmediata para frenar el aumento de casos. \u00abEl n\u00famero creciente de casos y muertes en M\u00e9xico [&hellip;]<\/p>\n","protected":false},"author":3,"featured_media":0,"comment_status":"open","ping_status":"open","sticky":false,"template":"","format":"standard","meta":{"footnotes":""},"categories":[23],"tags":[],"class_list":["post-261130","post","type-post","status-publish","format-standard","hentry","category-internacional"],"_links":{"self":[{"href":"https:\/\/diariodominicano.com\/index.php?rest_route=\/wp\/v2\/posts\/261130","targetHints":{"allow":["GET"]}}],"collection":[{"href":"https:\/\/diariodominicano.com\/index.php?rest_route=\/wp\/v2\/posts"}],"about":[{"href":"https:\/\/diariodominicano.com\/index.php?rest_route=\/wp\/v2\/types\/post"}],"author":[{"embeddable":true,"href":"https:\/\/diariodominicano.com\/index.php?rest_route=\/wp\/v2\/users\/3"}],"replies":[{"embeddable":true,"href":"https:\/\/diariodominicano.com\/index.php?rest_route=%2Fwp%2Fv2%2Fcomments&post=261130"}],"version-history":[{"count":0,"href":"https:\/\/diariodominicano.com\/index.php?rest_route=\/wp\/v2\/posts\/261130\/revisions"}],"wp:attachment":[{"href":"https:\/\/diariodominicano.com\/index.php?rest_route=%2Fwp%2Fv2%2Fmedia&parent=261130"}],"wp:term":[{"taxonomy":"category","embeddable":true,"href":"https:\/\/diariodominicano.com\/index.php?rest_route=%2Fwp%2Fv2%2Fcategories&post=261130"},{"taxonomy":"post_tag","embeddable":true,"href":"https:\/\/diariodominicano.com\/index.php?rest_route=%2Fwp%2Fv2%2Ftags&post=261130"}],"curies":[{"name":"wp","href":"https:\/\/api.w.org\/{rel}","templated":true}]}}