{"id":261129,"date":"2020-12-01T23:01:07","date_gmt":"2020-12-01T23:01:07","guid":{"rendered":"http:\/\/diariodominicano.ddns.net\/?p=261129"},"modified":"2020-12-01T23:01:07","modified_gmt":"2020-12-01T23:01:07","slug":"vanuatu-vuelve-a-quedar-libre-de-covid-19-al-dar-negativo-su-primer-caso","status":"publish","type":"post","link":"https:\/\/diariodominicano.com\/?p=261129","title":{"rendered":"&#13;Vanuatu vuelve a quedar libre de COVID-19 al dar negativo su primer caso"},"content":{"rendered":"<p><body><\/p>\n<p><img decoding=\"async\" src=\"http:\/\/localhost:8080\/img3\/VuanatuCovid1-12-20.jpg\" \/><br \/><img decoding=\"async\" src=\"http:\/\/localhost:8080\/img3\/Vuanatu1-12-20.jpg\" \/>  <\/p>\n<p><span class=\"text1noticias\">diariodominicano.com<\/span><\/p>\n<p><span class=\"text1noticias\"> <\/span><\/p>\n<p><span class=\"text1noticias\">   SUVA, 2 dic (Xinhua) &#8212; El pa\u00eds insular de Vanuatu, situado en el sur del Pac\u00edfico, ha vuelto a quedar libre de COVID-19 despu\u00e9s de que el primer caso confirmado de la naci\u00f3n diera negativo.<\/span><\/p>\n<\/p>\n<p><span class=\"text1noticias\">   Seg\u00fan inform\u00f3 este mi\u00e9rcoles el diario local en ingl\u00e9s The Daily Post, el primer ministro de Vanuatu, Bob Loughman, anunci\u00f3 que su pa\u00eds ha contenido su primer caso de COVID-19, ya que los resultados del primer paciente en contraer la enfermedad dieron negativo despu\u00e9s de ser enviado a Australia para someterse a m\u00e1s pruebas.<\/span><\/p>\n<\/p>\n<p><span class=\"text1noticias\">   El hombre tiene previsto regresar a casa hoy mi\u00e9rcoles.<\/span><\/p>\n<\/p>\n<p><span class=\"text1noticias\">   El primer ministro elogi\u00f3 las autoridades sanitarias por sus esfuerzos de detecci\u00f3n y contenci\u00f3n del virus en la naci\u00f3n.<\/span><\/p>\n<\/p>\n<p><span class=\"text1noticias\">   El 10 de noviembre, Vanuatu report\u00f3 que un hombre de 23 a\u00f1os se hab\u00eda convertido en su primer caso confirmado de COVID-19. Lleg\u00f3 de Estados Unidos a la isla el 4 de noviembre, v\u00eda S\u00eddney y Auckland. Dio positivo por COVID-19 el 10 de noviembre durante la prueba rutinaria del quinto d\u00eda de cuarentena en Puerto de Vila, capital de Vanuatu.<\/span><\/p>\n<\/p>\n<p><span class=\"text1noticias\">   Tras la confirmaci\u00f3n del nuevo caso, el Gobierno actu\u00f3 r\u00e1pidamente e impuso restricciones de viaje dom\u00e9sticas e internacionales, y extendi\u00f3 la cuarentena de 14 a 28 d\u00edas. El premier subray\u00f3 que el periodo de cuarentena ha sido revisado de nuevo a los 14 d\u00edas iniciales, pero la gente de los pa\u00edses considerados como de \u00abalto riesgo\u00bb todav\u00eda no podr\u00e1n entrar al pa\u00eds hasta nuevo aviso.<\/span><\/p>\n<p><span class=\"text1noticias\">   En marzo de este a\u00f1o, Vanuatu cerr\u00f3 sus fronteras para prevenir que el virus entrara en la naci\u00f3n, aunque s\u00ed permiti\u00f3 vuelos de repatriaci\u00f3n bajo estricto control en los \u00faltimos meses. F<\/span>in<\/p>\n<h6> 2020-12-01 23:01:07 <\/h6>\n<p><!--\n<link rel=\"stylesheet\" href=\"css\/bootstrap.min.css\">\n\n\n<ul class=\"pagination\">\n\t    \n\t\n\n<li >\n\t<a href='?page_no=429'>Previous<\/a>\n\t<\/li>\n\n\n       \n    \n\n<li><a href='?page_no=1'>1<\/a><\/li>\n\n\n\n<li><a href='?page_no=2'>2<\/a><\/li>\n\n\n\n<li><a>...<\/a><\/li>\n\n\n\n<li><a href='?page_no=428'>428<\/a><\/li>\n\n\n\n<li><a href='?page_no=429'>429<\/a><\/li>\n\n\n\n<li class='active'><a>430<\/a><\/li>\n\n\n\n<li><a href='?page_no=431'>431<\/a><\/li>\n\n\n\n<li><a href='?page_no=432'>432<\/a><\/li>\n\n\n\n<li><a>...<\/a><\/li>\n\n\n\n<li><a href='?page_no=446'>446<\/a><\/li>\n\n\n\n<li><a href='?page_no=447'>447<\/a><\/li>\n\n    \n\t\n\n<li >\n\t<a href='?page_no=431'>Next<\/a>\n\t<\/li>\n\n\n    \n\n<li><a href='?page_no=447'>Last &rsaquo;&rsaquo;<\/a><\/li>\n\n<\/ul>\n\n\n--><br \/>\n<\/body><\/p>\n","protected":false},"excerpt":{"rendered":"<p>diariodominicano.com SUVA, 2 dic (Xinhua) &#8212; El pa\u00eds insular de Vanuatu, situado en el sur del Pac\u00edfico, ha vuelto a quedar libre de COVID-19 despu\u00e9s de que el primer caso confirmado de la naci\u00f3n diera negativo. Seg\u00fan inform\u00f3 este mi\u00e9rcoles el diario local en ingl\u00e9s The Daily Post, el primer ministro de Vanuatu, Bob Loughman, [&hellip;]<\/p>\n","protected":false},"author":3,"featured_media":0,"comment_status":"open","ping_status":"open","sticky":false,"template":"","format":"standard","meta":{"footnotes":""},"categories":[23],"tags":[],"class_list":["post-261129","post","type-post","status-publish","format-standard","hentry","category-internacional"],"_links":{"self":[{"href":"https:\/\/diariodominicano.com\/index.php?rest_route=\/wp\/v2\/posts\/261129","targetHints":{"allow":["GET"]}}],"collection":[{"href":"https:\/\/diariodominicano.com\/index.php?rest_route=\/wp\/v2\/posts"}],"about":[{"href":"https:\/\/diariodominicano.com\/index.php?rest_route=\/wp\/v2\/types\/post"}],"author":[{"embeddable":true,"href":"https:\/\/diariodominicano.com\/index.php?rest_route=\/wp\/v2\/users\/3"}],"replies":[{"embeddable":true,"href":"https:\/\/diariodominicano.com\/index.php?rest_route=%2Fwp%2Fv2%2Fcomments&post=261129"}],"version-history":[{"count":0,"href":"https:\/\/diariodominicano.com\/index.php?rest_route=\/wp\/v2\/posts\/261129\/revisions"}],"wp:attachment":[{"href":"https:\/\/diariodominicano.com\/index.php?rest_route=%2Fwp%2Fv2%2Fmedia&parent=261129"}],"wp:term":[{"taxonomy":"category","embeddable":true,"href":"https:\/\/diariodominicano.com\/index.php?rest_route=%2Fwp%2Fv2%2Fcategories&post=261129"},{"taxonomy":"post_tag","embeddable":true,"href":"https:\/\/diariodominicano.com\/index.php?rest_route=%2Fwp%2Fv2%2Ftags&post=261129"}],"curies":[{"name":"wp","href":"https:\/\/api.w.org\/{rel}","templated":true}]}}