{"id":261125,"date":"2020-12-02T10:43:00","date_gmt":"2020-12-02T10:43:00","guid":{"rendered":"http:\/\/diariodominicano.ddns.net\/?p=261125"},"modified":"2020-12-02T10:43:00","modified_gmt":"2020-12-02T10:43:00","slug":"expertos-califican-asesinatos-cometidos-en-afganistan-por-soldados-australianos-como-crimen-de-guerra","status":"publish","type":"post","link":"https:\/\/diariodominicano.com\/?p=261125","title":{"rendered":"Expertos califican asesinatos cometidos en Afganist\u00e1n por soldados australianos como \u00abcr\u00edmen de guerra\u00bb"},"content":{"rendered":"<p><body><\/p>\n<p><span class=\"text1noticias\">diariodominicano.com<\/span><\/p>\n<\/p>\n<p><span class=\"text1noticias\">   KABUL, 2 dic (Xinhua) &#8212; Expertos afganos han calificado la matanza de civiles, incluidos ni\u00f1os, a manos de tropas australianas en Afganist\u00e1n como un \u00abcrimen de guerra\u00bb.<\/span><\/p>\n<\/p>\n<p><span class=\"text1noticias\">   \u00abSeg\u00fan todas las leyes y normas internacionales, matar civiles es un crimen de guerra. Sin duda, los soldados australianos cometieron el crimen durante su misi\u00f3n en Afganist\u00e1n y la Administraci\u00f3n australiana ha confirmado que sus soldados mataron a civiles\u00bb, dijo a Xinhua el analista local Khan Mohammad Daneshjo.<\/span><\/p>\n<\/p>\n<p><span class=\"text1noticias\">   El experto tambi\u00e9n elogi\u00f3 al Ministerio de Relaciones Exteriores de China por la condenaci\u00f3n de las atrocidades de soldados australianos utilizando una imagen de un militar australiano matando a un ni\u00f1o y denunci\u00f3 a Canberra por su doble rasero con respecto a los derechos humanos.<\/span><\/p>\n<\/p>\n<p><span class=\"text1noticias\">   A\u00f1adi\u00f3 que el Gobierno australiano se pone en rid\u00edculo por pedirle a China que se disculpe por la imagen, cuando, expres\u00f3, Australia deber\u00eda disculparse por el asesinato de civiles afganos.<\/span><\/p>\n<\/p>\n<p><span class=\"text1noticias\">   Haci\u00e9ndose eco de Daneshjo, otro experto afgano salud\u00f3 la postura de China sobre el tema y exigi\u00f3 justicia.<\/span><\/p>\n<\/p>\n<p><span class=\"text1noticias\">   \u00abMatar a civiles y ni\u00f1os es un crimen de guerra y personalmente acojo con satisfacci\u00f3n la postura china contra los cr\u00edmenes de guerra cometidos por los soldados australianos en Afganist\u00e1n\u00bb, apunt\u00f3 el analista pol\u00edtico Zabihullah Zamaray en entrevista con Xinhua.<\/span><\/p>\n<\/p>\n<p><span class=\"text1noticias\">   Zamaray explic\u00f3 que \u00ablos afganos estamos apelando a la comunidad internacional para que ayude a llevar ante la justicia a todos los soldados extranjeros (que) cometieron cr\u00edmenes de guerra en Afganist\u00e1n\u00bb.<\/span><\/p>\n<\/p>\n<p><span class=\"text1noticias\">   Un contingente de soldados australianos sirvi\u00f3 en Afganist\u00e1n dentro de la Fuerza Internacional de Asistencia para la Seguridad dirigida por la OTAN, principalmente en la provincia de Uruzgan, en el sur de Afganist\u00e1n.<\/span><\/p>\n<\/p>\n<p><span class=\"text1noticias\">   \u00abEn lugar de pelear con China, el Gobierno australiano deber\u00eda aceptar el hecho y llevar ante la justicia a los soldados que cometieron el crimen de guerra en Afganist\u00e1n\u00bb, sostuvo en una entrevista con Xinhua Hazrat Jafar Arab, quien trabaja como profesor en la ciudad oriental de Jalalabad.<\/span><\/p>\n<\/p>\n<p><span class=\"text1noticias\">   Un informe de investigaci\u00f3n publicado recientemente por las Fuerzas de Defensa de Australia mostr\u00f3 que 25 soldados de sus fuerzas especiales mataron a 39 afganos, incluidos ni\u00f1os, en 23 incidentes, y ninguno de esos asesinatos ocurri\u00f3 en \u00abel fragor de una batalla\u00bb.<\/span><\/p>\n<\/p>\n<p><span class=\"text1noticias\">   La c\u00e1mara baja del parlamento de Afganist\u00e1n tambi\u00e9n ha denunciado el crimen de guerra reportado e inst\u00f3 al Gobierno australiano a llevar ante la justicia a todos los soldados involucrados.<\/span><\/p>\n<\/p>\n<p><span class=\"text1noticias\">   \u00abEl crimen de guerra cometido por los soldados australianos no es perdonable, es un crimen contra la humanidad que demuestra el doble rasero del Gobierno australiano hacia los derechos humanos\u00bb, subray\u00f3 Sufi Farakh Shah, un residente de Kabul. Fi<\/span>n<\/p>\n<h6> 2020-12-02 10:43:00 <\/h6>\n<p><!--\n<link rel=\"stylesheet\" href=\"css\/bootstrap.min.css\">\n\n\n<ul class=\"pagination\">\n\t    \n\t\n\n<li >\n\t<a href='?page_no=426'>Previous<\/a>\n\t<\/li>\n\n\n       \n    \n\n<li><a href='?page_no=1'>1<\/a><\/li>\n\n\n\n<li><a href='?page_no=2'>2<\/a><\/li>\n\n\n\n<li><a>...<\/a><\/li>\n\n\n\n<li><a href='?page_no=425'>425<\/a><\/li>\n\n\n\n<li><a href='?page_no=426'>426<\/a><\/li>\n\n\n\n<li class='active'><a>427<\/a><\/li>\n\n\n\n<li><a href='?page_no=428'>428<\/a><\/li>\n\n\n\n<li><a href='?page_no=429'>429<\/a><\/li>\n\n\n\n<li><a>...<\/a><\/li>\n\n\n\n<li><a href='?page_no=446'>446<\/a><\/li>\n\n\n\n<li><a href='?page_no=447'>447<\/a><\/li>\n\n    \n\t\n\n<li >\n\t<a href='?page_no=428'>Next<\/a>\n\t<\/li>\n\n\n    \n\n<li><a href='?page_no=447'>Last &rsaquo;&rsaquo;<\/a><\/li>\n\n<\/ul>\n\n\n--><br \/>\n<\/body><\/p>\n","protected":false},"excerpt":{"rendered":"<p>diariodominicano.com KABUL, 2 dic (Xinhua) &#8212; Expertos afganos han calificado la matanza de civiles, incluidos ni\u00f1os, a manos de tropas australianas en Afganist\u00e1n como un \u00abcrimen de guerra\u00bb. \u00abSeg\u00fan todas las leyes y normas internacionales, matar civiles es un crimen de guerra. Sin duda, los soldados australianos cometieron el crimen durante su misi\u00f3n en Afganist\u00e1n [&hellip;]<\/p>\n","protected":false},"author":3,"featured_media":0,"comment_status":"open","ping_status":"open","sticky":false,"template":"","format":"standard","meta":{"footnotes":""},"categories":[23],"tags":[],"class_list":["post-261125","post","type-post","status-publish","format-standard","hentry","category-internacional"],"_links":{"self":[{"href":"https:\/\/diariodominicano.com\/index.php?rest_route=\/wp\/v2\/posts\/261125","targetHints":{"allow":["GET"]}}],"collection":[{"href":"https:\/\/diariodominicano.com\/index.php?rest_route=\/wp\/v2\/posts"}],"about":[{"href":"https:\/\/diariodominicano.com\/index.php?rest_route=\/wp\/v2\/types\/post"}],"author":[{"embeddable":true,"href":"https:\/\/diariodominicano.com\/index.php?rest_route=\/wp\/v2\/users\/3"}],"replies":[{"embeddable":true,"href":"https:\/\/diariodominicano.com\/index.php?rest_route=%2Fwp%2Fv2%2Fcomments&post=261125"}],"version-history":[{"count":0,"href":"https:\/\/diariodominicano.com\/index.php?rest_route=\/wp\/v2\/posts\/261125\/revisions"}],"wp:attachment":[{"href":"https:\/\/diariodominicano.com\/index.php?rest_route=%2Fwp%2Fv2%2Fmedia&parent=261125"}],"wp:term":[{"taxonomy":"category","embeddable":true,"href":"https:\/\/diariodominicano.com\/index.php?rest_route=%2Fwp%2Fv2%2Fcategories&post=261125"},{"taxonomy":"post_tag","embeddable":true,"href":"https:\/\/diariodominicano.com\/index.php?rest_route=%2Fwp%2Fv2%2Ftags&post=261125"}],"curies":[{"name":"wp","href":"https:\/\/api.w.org\/{rel}","templated":true}]}}