{"id":261123,"date":"2020-12-02T11:54:11","date_gmt":"2020-12-02T11:54:11","guid":{"rendered":"http:\/\/diariodominicano.ddns.net\/?p=261123"},"modified":"2020-12-02T11:54:11","modified_gmt":"2020-12-02T11:54:11","slug":"ee-uu-registra-menos-compradores-durante-accion-de-gracias","status":"publish","type":"post","link":"https:\/\/diariodominicano.com\/?p=261123","title":{"rendered":"EE.UU. registra menos compradores durante Acci\u00f3n de Gracias"},"content":{"rendered":"<p><body><\/p>\n<p><img decoding=\"async\" src=\"http:\/\/localhost:8080\/img3\/Nuevayork2-12-20.jpg\" \/>  <\/p>\n<p><span class=\"text1noticias\">diariodominicano.com<\/span><\/p>\n<p><span class=\"text1noticias\"> <\/span><\/p>\n<p><span class=\"text1noticias\">WASHINGTON, 1 dic (Xinhua) &#8212; El n\u00famero total de compradores durante el fin de semana de Acci\u00f3n de Gracias se redujo ligeramente con respecto a 2019, as\u00ed como menos gastos para la misma festividad, dijo este martes la Federaci\u00f3n Nacional de Minoristas de Estados Unidos (NRF por sus siglas en ingl\u00e9s).<\/span><\/p>\n<p><span class=\"text1noticias\"> <\/span><\/p>\n<p><span class=\"text1noticias\">Se estima que 186,4 millones de consumidores compraron en tiendas y en l\u00ednea durante el fin de semana festivo de Acci\u00f3n de Gracias, seg\u00fan la encuesta anual publicada por NRF y Prosper Insights &amp; Analytics.<\/span><\/p>\n<p><span class=\"text1noticias\"> <\/span><\/p>\n<p><span class=\"text1noticias\">La cifra marca un ligero descenso respecto a los 189,6 millones en 2019, pero sigue siendo superior a 165,8 millones en 2018, mostr\u00f3 la encuesta.<\/span><\/p>\n<p><span class=\"text1noticias\"> <\/span><\/p>\n<p><span class=\"text1noticias\">\u00abComo se esperaba, los consumidores han optado por un comienzo temprano de la temporada de compras de fin de a\u00f1o, pero muchos tambi\u00e9n estaban preparados para continuar una larga tradici\u00f3n de participar en l\u00ednea y en tiendas durante el fin de semana de Acci\u00f3n de Gracias\u00bb, sostuvo el presidente y director ejecutivo de NRF, Matthew Shay.<\/span><\/p>\n<p><span class=\"text1noticias\"> <\/span><\/p>\n<p><span class=\"text1noticias\">La encuesta se\u00f1ala que el Viernes Negro (Black Friday) y el d\u00eda siguiente, s\u00e1bado, vieron un \u00abtremendo crecimiento\u00bb en la actividad en l\u00ednea. El Black Friday, el d\u00eda despu\u00e9s del D\u00eda de Acci\u00f3n de Gracias, es tradicionalmente conocido por las largas colas y las multitudes en los centros comerciales.<\/span><\/p>\n<p><span class=\"text1noticias\"> <\/span><\/p>\n<p><span class=\"text1noticias\">Por primera vez, el n\u00famero de compradores en l\u00ednea del Black Friday super\u00f3 la marca de los 100 millones, un 8 por ciento m\u00e1s que el a\u00f1o pasado, seg\u00fan la encuesta.<\/span><\/p>\n<p><span class=\"text1noticias\"> <\/span><\/p>\n<p><span class=\"text1noticias\">El estudio tambi\u00e9n refleja que en medio de los crecientes casos de COVID-19, el n\u00famero de compradores en las tiendas el D\u00eda de Acci\u00f3n de Gracias se redujo en un 55 por ciento con respecto al a\u00f1o pasado y los del Viernes Negro se redujeron en un 37 por ciento.<\/span><\/p>\n<p><span class=\"text1noticias\"> <\/span><\/p>\n<p><span class=\"text1noticias\">Mientras la COVID-19 contin\u00fae devastando la econom\u00eda, el desempleo aumenta, los ingresos se reducen y los clientes \u00abbuscar\u00e1n gangas\u00bb, dijo a Xinhua David Reibstein, profesor de mercadeo de la Wharton School de la Universidad de Pensilvania.<\/span><\/p>\n<p><span class=\"text1noticias\"> <\/span><\/p>\n<p><span class=\"text1noticias\">Durante el per\u00edodo festivo de cinco d\u00edas, los compradores gastaron un promedio de 311,75 d\u00f3lares estadounidenses en compras como regalos o decoraciones, por debajo del total del a\u00f1o pasado de 361,90 d\u00f3lares y un poco menos que los 313,29 d\u00f3lares de 2018, seg\u00fan datos de la<\/span> encuesta. <\/p>\n<\/p>\n<p><span class=\"text1noticias\">(Multimedia)  <\/span><\/p>\n<p><span class=\"text1noticias\">Imagen del 26 de noviembre de 2020 de carros aleg\u00f3ricos en una calle durante el Desfile del D\u00eda de Acci\u00f3n de Gracias de Macy&#8217;s en Nueva York, Estados Unidos. (Xinhua\/Wang Ying) <\/span><\/p>\n<h6> 2020-12-02 11:54:11 <\/h6>\n<p><!--\n<link rel=\"stylesheet\" href=\"css\/bootstrap.min.css\">\n\n\n<ul class=\"pagination\">\n\t    \n\t\n\n<li >\n\t<a href='?page_no=424'>Previous<\/a>\n\t<\/li>\n\n\n       \n    \n\n<li><a href='?page_no=1'>1<\/a><\/li>\n\n\n\n<li><a href='?page_no=2'>2<\/a><\/li>\n\n\n\n<li><a>...<\/a><\/li>\n\n\n\n<li><a href='?page_no=423'>423<\/a><\/li>\n\n\n\n<li><a href='?page_no=424'>424<\/a><\/li>\n\n\n\n<li class='active'><a>425<\/a><\/li>\n\n\n\n<li><a href='?page_no=426'>426<\/a><\/li>\n\n\n\n<li><a href='?page_no=427'>427<\/a><\/li>\n\n\n\n<li><a>...<\/a><\/li>\n\n\n\n<li><a href='?page_no=446'>446<\/a><\/li>\n\n\n\n<li><a href='?page_no=447'>447<\/a><\/li>\n\n    \n\t\n\n<li >\n\t<a href='?page_no=426'>Next<\/a>\n\t<\/li>\n\n\n    \n\n<li><a href='?page_no=447'>Last &rsaquo;&rsaquo;<\/a><\/li>\n\n<\/ul>\n\n\n--><br \/>\n<\/body><\/p>\n","protected":false},"excerpt":{"rendered":"<p>diariodominicano.com WASHINGTON, 1 dic (Xinhua) &#8212; El n\u00famero total de compradores durante el fin de semana de Acci\u00f3n de Gracias se redujo ligeramente con respecto a 2019, as\u00ed como menos gastos para la misma festividad, dijo este martes la Federaci\u00f3n Nacional de Minoristas de Estados Unidos (NRF por sus siglas en ingl\u00e9s). Se estima que [&hellip;]<\/p>\n","protected":false},"author":3,"featured_media":0,"comment_status":"open","ping_status":"open","sticky":false,"template":"","format":"standard","meta":{"footnotes":""},"categories":[23],"tags":[],"class_list":["post-261123","post","type-post","status-publish","format-standard","hentry","category-internacional"],"_links":{"self":[{"href":"https:\/\/diariodominicano.com\/index.php?rest_route=\/wp\/v2\/posts\/261123","targetHints":{"allow":["GET"]}}],"collection":[{"href":"https:\/\/diariodominicano.com\/index.php?rest_route=\/wp\/v2\/posts"}],"about":[{"href":"https:\/\/diariodominicano.com\/index.php?rest_route=\/wp\/v2\/types\/post"}],"author":[{"embeddable":true,"href":"https:\/\/diariodominicano.com\/index.php?rest_route=\/wp\/v2\/users\/3"}],"replies":[{"embeddable":true,"href":"https:\/\/diariodominicano.com\/index.php?rest_route=%2Fwp%2Fv2%2Fcomments&post=261123"}],"version-history":[{"count":0,"href":"https:\/\/diariodominicano.com\/index.php?rest_route=\/wp\/v2\/posts\/261123\/revisions"}],"wp:attachment":[{"href":"https:\/\/diariodominicano.com\/index.php?rest_route=%2Fwp%2Fv2%2Fmedia&parent=261123"}],"wp:term":[{"taxonomy":"category","embeddable":true,"href":"https:\/\/diariodominicano.com\/index.php?rest_route=%2Fwp%2Fv2%2Fcategories&post=261123"},{"taxonomy":"post_tag","embeddable":true,"href":"https:\/\/diariodominicano.com\/index.php?rest_route=%2Fwp%2Fv2%2Ftags&post=261123"}],"curies":[{"name":"wp","href":"https:\/\/api.w.org\/{rel}","templated":true}]}}