{"id":261122,"date":"2020-12-02T23:25:04","date_gmt":"2020-12-02T23:25:04","guid":{"rendered":"http:\/\/diariodominicano.ddns.net\/?p=261122"},"modified":"2020-12-02T23:25:04","modified_gmt":"2020-12-02T23:25:04","slug":"mayoria-de-migrantes-mexicanos-devueltos-por-ee-uu-trabajo-sin-condiciones-laborales-optimas-estudio","status":"publish","type":"post","link":"https:\/\/diariodominicano.com\/?p=261122","title":{"rendered":"Mayor\u00eda de migrantes mexicanos devueltos por EE. UU. trabaj\u00f3 sin condiciones laborales \u00f3ptimas: estudio"},"content":{"rendered":"<p><body><\/p>\n<p><span class=\"text1noticias\">diariodominicano.com<\/span><\/p>\n<p><span class=\"text1noticias\">   M\u00c9XICO, 2 dic (Xinhua) &#8212; La mayor\u00eda de los miles de migrantes mexicanos devueltos por Estados Unidos a M\u00e9xico en 2019 careci\u00f3 de prestaciones laborales mientras trabaj\u00f3 en el pa\u00eds norteamericano, seg\u00fan un estudio publicado este mi\u00e9rcoles por la Unidad de Pol\u00edtica Migratoria.<\/span><\/p>\n<\/p>\n<p><span class=\"text1noticias\">   En un an\u00e1lisis sobre el perfil de los migrantes irregulares expulsados, la Unidad de Pol\u00edtica Migratoria, perteneciente a la Secretar\u00eda de Gobernaci\u00f3n (Interior), se\u00f1al\u00f3 que s\u00f3lo el 15,7 por ciento tuvo alguna prestaci\u00f3n en su empleo y el 22 por ciento recibi\u00f3 capacitaci\u00f3n formal.<\/span><\/p>\n<\/p>\n<p><span class=\"text1noticias\">   Estados Unidos devolvi\u00f3 a m\u00e1s de 195.000 migrantes el a\u00f1o pasado, una cifra mayor con respecto a 2018 ante las pol\u00edticas de detenci\u00f3n migratoria aplicadas en los \u00faltimos a\u00f1os, seg\u00fan el estudio \u00abPerfil de las Personas Mexicanas Devueltas por Autoridades Estadounidenses durante 2019\u00bb.<\/span><\/p>\n<\/p>\n<p><span class=\"text1noticias\">   Expuso que el 28,5 por ciento de los migrantes ten\u00eda m\u00e1s de un a\u00f1o residiendo en Estados Unidos y muchos de ellos fueron detenidos en la calle, casa o trabajo, mientras que el resto estuvo menos de 12 meses en ese pa\u00eds.<\/span><\/p>\n<\/p>\n<p><span class=\"text1noticias\">   Los mexicanos migraron principalmente para buscar trabajo y laboraron en agricultura, construcci\u00f3n y servicios, aunque un porcentaje de los que vivieron m\u00e1s tiempo en Estados Unidos se desempe\u00f1\u00f3 en puestos m\u00e1s calificados del sector industrial, indic\u00f3.<\/span><\/p>\n<\/p>\n<p><span class=\"text1noticias\">   \u00abLa mayor\u00eda de estas personas no contaba con condiciones laborales \u00f3ptimas, ya que s\u00f3lo 15,7 por ciento tuvo alguna prestaci\u00f3n o beneficio en su lugar de trabajo, y menos de una cuarta parte (22,3 por ciento) recibi\u00f3 capacitaci\u00f3n en la empresa o sitio donde labor\u00f3\u00bb, enumer\u00f3.<\/span><\/p>\n<\/p>\n<p><span class=\"text1noticias\">   Alrededor de 11,5 millones de mexicanos viven en Estados Unidos, entre ellos 4,9 millones con estatus irregular, muchos de los cuales laboran en actividades actividades esenciales, seg\u00fan han dicho expertos en migraci\u00f3n en el pasado.<\/span><\/p>\n<\/p>\n<p><span class=\"text1noticias\">   El estudio, divulgado en la publicaci\u00f3n \u00abRutas\u00bb de la Unidad de Pol\u00edtica Migratoria, plante\u00f3 que el perfil de los migrantes era en su mayor\u00eda de hombres de entre 18 y 29 a\u00f1os, originarios de entidades del pa\u00eds pobres o con altas tasas de informalidad y encargados del sost\u00e9n econ\u00f3mico de su hogar.<\/span><\/p>\n<\/p>\n<p><span class=\"text1noticias\">   En su mayor\u00eda, los mexicanos devueltos no planeaban regresar a Estados Unidos, una decisi\u00f3n que pod\u00eda explicarse, en parte, por el endurecimiento de la pol\u00edtica migratoria de Washington y del discurso antimigrante en ese pa\u00eds, plante\u00f3.<\/span><\/p>\n<\/p>\n<p><span class=\"text1noticias\">   Conforme el an\u00e1lisis, los migrantes buscaban reinstalarse en sus lugares de origen tras ser devueltos a M\u00e9xico, por lo que autoridades mexicanas y locales deb\u00edan concentrar esfuerzos para fomentar el empleo en las entidades expulsoras.<\/span><\/p>\n<\/p>\n<p><span class=\"text1noticias\">   \u00abLa pol\u00edtica migratoria estadounidense se ha endurecido y el discurso antimigrante ha tomado fuerza en los \u00faltimos a\u00f1os, lo que genera ambientes hostiles para los connacionales que buscan cruzar la frontera hacia el norte\u00bb, apunt\u00f3 el documento. <\/span><\/p>\n<h6> 2020-12-02 23:25:04 <\/h6>\n<p><!--\n<link rel=\"stylesheet\" href=\"css\/bootstrap.min.css\">\n\n\n<ul class=\"pagination\">\n\t    \n\t\n\n<li >\n\t<a href='?page_no=423'>Previous<\/a>\n\t<\/li>\n\n\n       \n    \n\n<li><a href='?page_no=1'>1<\/a><\/li>\n\n\n\n<li><a href='?page_no=2'>2<\/a><\/li>\n\n\n\n<li><a>...<\/a><\/li>\n\n\n\n<li><a href='?page_no=422'>422<\/a><\/li>\n\n\n\n<li><a href='?page_no=423'>423<\/a><\/li>\n\n\n\n<li class='active'><a>424<\/a><\/li>\n\n\n\n<li><a href='?page_no=425'>425<\/a><\/li>\n\n\n\n<li><a href='?page_no=426'>426<\/a><\/li>\n\n\n\n<li><a>...<\/a><\/li>\n\n\n\n<li><a href='?page_no=446'>446<\/a><\/li>\n\n\n\n<li><a href='?page_no=447'>447<\/a><\/li>\n\n    \n\t\n\n<li >\n\t<a href='?page_no=425'>Next<\/a>\n\t<\/li>\n\n\n    \n\n<li><a href='?page_no=447'>Last &rsaquo;&rsaquo;<\/a><\/li>\n\n<\/ul>\n\n\n--><br \/>\n<\/body><\/p>\n","protected":false},"excerpt":{"rendered":"<p>diariodominicano.com M\u00c9XICO, 2 dic (Xinhua) &#8212; La mayor\u00eda de los miles de migrantes mexicanos devueltos por Estados Unidos a M\u00e9xico en 2019 careci\u00f3 de prestaciones laborales mientras trabaj\u00f3 en el pa\u00eds norteamericano, seg\u00fan un estudio publicado este mi\u00e9rcoles por la Unidad de Pol\u00edtica Migratoria. En un an\u00e1lisis sobre el perfil de los migrantes irregulares expulsados, [&hellip;]<\/p>\n","protected":false},"author":3,"featured_media":0,"comment_status":"open","ping_status":"open","sticky":false,"template":"","format":"standard","meta":{"footnotes":""},"categories":[23],"tags":[],"class_list":["post-261122","post","type-post","status-publish","format-standard","hentry","category-internacional"],"_links":{"self":[{"href":"https:\/\/diariodominicano.com\/index.php?rest_route=\/wp\/v2\/posts\/261122","targetHints":{"allow":["GET"]}}],"collection":[{"href":"https:\/\/diariodominicano.com\/index.php?rest_route=\/wp\/v2\/posts"}],"about":[{"href":"https:\/\/diariodominicano.com\/index.php?rest_route=\/wp\/v2\/types\/post"}],"author":[{"embeddable":true,"href":"https:\/\/diariodominicano.com\/index.php?rest_route=\/wp\/v2\/users\/3"}],"replies":[{"embeddable":true,"href":"https:\/\/diariodominicano.com\/index.php?rest_route=%2Fwp%2Fv2%2Fcomments&post=261122"}],"version-history":[{"count":0,"href":"https:\/\/diariodominicano.com\/index.php?rest_route=\/wp\/v2\/posts\/261122\/revisions"}],"wp:attachment":[{"href":"https:\/\/diariodominicano.com\/index.php?rest_route=%2Fwp%2Fv2%2Fmedia&parent=261122"}],"wp:term":[{"taxonomy":"category","embeddable":true,"href":"https:\/\/diariodominicano.com\/index.php?rest_route=%2Fwp%2Fv2%2Fcategories&post=261122"},{"taxonomy":"post_tag","embeddable":true,"href":"https:\/\/diariodominicano.com\/index.php?rest_route=%2Fwp%2Fv2%2Ftags&post=261122"}],"curies":[{"name":"wp","href":"https:\/\/api.w.org\/{rel}","templated":true}]}}