{"id":261121,"date":"2020-12-02T23:37:35","date_gmt":"2020-12-02T23:37:35","guid":{"rendered":"http:\/\/diariodominicano.ddns.net\/?p=261121"},"modified":"2020-12-02T23:37:35","modified_gmt":"2020-12-02T23:37:35","slug":"fmi-advierte-a-brasil-que-se-prepare-para-ofrecer-mas-ayuda-de-emergencia-a-su-poblacion","status":"publish","type":"post","link":"https:\/\/diariodominicano.com\/?p=261121","title":{"rendered":"FMI advierte a Brasil que se prepare para ofrecer m\u00e1s ayuda de emergencia a su poblaci\u00f3n"},"content":{"rendered":"<p><body><\/p>\n<p><span class=\"text1noticias\"> diariodominicano.com<\/span><\/p>\n<\/p>\n<p><span class=\"text1noticias\">   RIO DE JANEIRO, 2 dic (Xinhua) &#8212; El Fondo Monetario Internacional (FMI) pidi\u00f3 hoy mi\u00e9rcoles a Brasil que mantenga su disciplina fiscal, pero que est\u00e9 preparado para dar m\u00e1s apoyo econ\u00f3mico a la poblaci\u00f3n para enfrentar los efectos adversos causados por la enfermedad del nuevo coronavirus (COVID-19).<\/span><\/p>\n<\/p>\n<p><span class=\"text1noticias\">   El ente resalt\u00f3, en un comunicado, la \u00abrespuesta r\u00e1pida y eficaz\u00bb del Gobierno brasile\u00f1o para mantener a flote la econom\u00eda durante la pandemia y proteger a la poblaci\u00f3n m\u00e1s vulnerable, aunque afirm\u00f3 que las medidas no sirvieron para controlar la COVID-19, y recomend\u00f3 mantener el l\u00edmite de gastos p\u00fablicos en 2021.<\/span><\/p>\n<\/p>\n<p><span class=\"text1noticias\">   Para hacer frente a la COVID-19, el Gobierno brasile\u00f1o dio en mayo una ayuda mensual de 600 reales (unos 115 d\u00f3lares a los trabajadores vulnerables). Debido al \u00e9xito de la medida, a la que se acogieron cerca de 67 millones de personas, fue prorrogada dos meses m\u00e1s y, posteriormente, reducida a la mitad por cuatro meses.<\/span><\/p>\n<\/p>\n<p><span class=\"text1noticias\">   No obstante, el Gobierno brasile\u00f1o descart\u00f3 continuar con la ayuda en 2021 debido al alto costo que supone para las arcas p\u00fablicas.<\/span><\/p>\n<\/p>\n<p><span class=\"text1noticias\">   Pese a ello, el FMI advirti\u00f3 que el Gobierno brasile\u00f1o debe estar preparado para un est\u00edmulo fiscal extra si la situaci\u00f3n econ\u00f3mica empeora.<\/span><\/p>\n<\/p>\n<p><span class=\"text1noticias\">   \u00abVarios directores alertaron contra una retirada abrupta del apoyo fiscal\u00bb, agreg\u00f3 el informe.<\/span><\/p>\n<p><span class=\"text1noticias\">   En otro aspecto, el FMI alert\u00f3 por el elevado riesgo de sostenibilidad de la deuda p\u00fablica, apuntado como uno de los grandes desaf\u00edos que tendr\u00e1 Brasil en los pr\u00f3ximos a\u00f1os.<\/span><\/p>\n<\/p>\n<p><span class=\"text1noticias\">   En el mejor escenario, en el que Brasil logra mantener el l\u00edmite de gastos al mismo valor del a\u00f1o anterior corregido por la inflaci\u00f3n y recorta gastos, la deuda bruta del pa\u00eds llegar\u00eda a ser el 85 por ciento del Producto Interior Bruto (PIB) en 2035. En diciembre del a\u00f1o pasado, era del 76 por ciento del PIB.<\/span><\/p>\n<\/p>\n<p><span class=\"text1noticias\">   \u00abLas proyecciones de largo plazo evidencian que los riesgos a la sostenibilidad de la deuda probablemente permanecer\u00e1n elevados por muchos a\u00f1os. Para alcanzar un camino fiscal consistente con una deuda en declive sostenible, son necesarias reformas fiscales estructurales para cortar gastos obligatorios o aumentar los ingresos\u00bb, dijo el FMI. Fi<\/span>n<\/p>\n<h6> 2020-12-02 23:37:35 <\/h6>\n<p><!--\n<link rel=\"stylesheet\" href=\"css\/bootstrap.min.css\">\n\n\n<ul class=\"pagination\">\n\t    \n\t\n\n<li >\n\t<a href='?page_no=422'>Previous<\/a>\n\t<\/li>\n\n\n       \n    \n\n<li><a href='?page_no=1'>1<\/a><\/li>\n\n\n\n<li><a href='?page_no=2'>2<\/a><\/li>\n\n\n\n<li><a>...<\/a><\/li>\n\n\n\n<li><a href='?page_no=421'>421<\/a><\/li>\n\n\n\n<li><a href='?page_no=422'>422<\/a><\/li>\n\n\n\n<li class='active'><a>423<\/a><\/li>\n\n\n\n<li><a href='?page_no=424'>424<\/a><\/li>\n\n\n\n<li><a href='?page_no=425'>425<\/a><\/li>\n\n\n\n<li><a>...<\/a><\/li>\n\n\n\n<li><a href='?page_no=446'>446<\/a><\/li>\n\n\n\n<li><a href='?page_no=447'>447<\/a><\/li>\n\n    \n\t\n\n<li >\n\t<a href='?page_no=424'>Next<\/a>\n\t<\/li>\n\n\n    \n\n<li><a href='?page_no=447'>Last &rsaquo;&rsaquo;<\/a><\/li>\n\n<\/ul>\n\n\n--><br \/>\n<\/body><\/p>\n","protected":false},"excerpt":{"rendered":"<p>diariodominicano.com RIO DE JANEIRO, 2 dic (Xinhua) &#8212; El Fondo Monetario Internacional (FMI) pidi\u00f3 hoy mi\u00e9rcoles a Brasil que mantenga su disciplina fiscal, pero que est\u00e9 preparado para dar m\u00e1s apoyo econ\u00f3mico a la poblaci\u00f3n para enfrentar los efectos adversos causados por la enfermedad del nuevo coronavirus (COVID-19). El ente resalt\u00f3, en un comunicado, la [&hellip;]<\/p>\n","protected":false},"author":3,"featured_media":0,"comment_status":"open","ping_status":"open","sticky":false,"template":"","format":"standard","meta":{"footnotes":""},"categories":[23],"tags":[],"class_list":["post-261121","post","type-post","status-publish","format-standard","hentry","category-internacional"],"_links":{"self":[{"href":"https:\/\/diariodominicano.com\/index.php?rest_route=\/wp\/v2\/posts\/261121","targetHints":{"allow":["GET"]}}],"collection":[{"href":"https:\/\/diariodominicano.com\/index.php?rest_route=\/wp\/v2\/posts"}],"about":[{"href":"https:\/\/diariodominicano.com\/index.php?rest_route=\/wp\/v2\/types\/post"}],"author":[{"embeddable":true,"href":"https:\/\/diariodominicano.com\/index.php?rest_route=\/wp\/v2\/users\/3"}],"replies":[{"embeddable":true,"href":"https:\/\/diariodominicano.com\/index.php?rest_route=%2Fwp%2Fv2%2Fcomments&post=261121"}],"version-history":[{"count":0,"href":"https:\/\/diariodominicano.com\/index.php?rest_route=\/wp\/v2\/posts\/261121\/revisions"}],"wp:attachment":[{"href":"https:\/\/diariodominicano.com\/index.php?rest_route=%2Fwp%2Fv2%2Fmedia&parent=261121"}],"wp:term":[{"taxonomy":"category","embeddable":true,"href":"https:\/\/diariodominicano.com\/index.php?rest_route=%2Fwp%2Fv2%2Fcategories&post=261121"},{"taxonomy":"post_tag","embeddable":true,"href":"https:\/\/diariodominicano.com\/index.php?rest_route=%2Fwp%2Fv2%2Ftags&post=261121"}],"curies":[{"name":"wp","href":"https:\/\/api.w.org\/{rel}","templated":true}]}}