{"id":261120,"date":"2020-12-02T23:48:01","date_gmt":"2020-12-02T23:48:01","guid":{"rendered":"http:\/\/diariodominicano.ddns.net\/?p=261120"},"modified":"2020-12-02T23:48:01","modified_gmt":"2020-12-02T23:48:01","slug":"biden-planea-mantener-a-christopher-wray-como-director-de-fbi","status":"publish","type":"post","link":"https:\/\/diariodominicano.com\/?p=261120","title":{"rendered":"Biden planea mantener a Christopher Wray como director de FBI"},"content":{"rendered":"<p><body><\/p>\n<p><img decoding=\"async\" src=\"http:\/\/localhost:8080\/img3\/CristopherWray2-12-20.jpg\" \/>  <\/p>\n<p><span class=\"text1noticias\">  diariodominicano.com<\/span><\/p>\n<p><span class=\"text1noticias\">WASHINGTON, 2 dic (Xinhua) &#8212; Seg\u00fan informes, el presidente electo de Estados Unidos, Joe Biden, planea mantener a Christopher Wray como director del Bur\u00f3 Federal de Investigaciones (FBI).<\/span><\/p>\n<p><span class=\"text1noticias\"> <\/span><\/p>\n<p><span class=\"text1noticias\">El dem\u00f3crata no retirar\u00e1 del cargo a Wray a menos que el presidente en funciones Donald Trump lo despida, inform\u00f3 hoy el New York Times que cit\u00f3 a un importante funcionario de Biden.<\/span><\/p>\n<p><span class=\"text1noticias\"> <\/span><\/p>\n<p><span class=\"text1noticias\">Ha habido informes en el sentido de que Trump despedir\u00eda a Wray, quien ha sido director del FBI desde agosto de 2017, despu\u00e9s de la elecci\u00f3n de 2020.<\/span><\/p>\n<p><span class=\"text1noticias\"> <\/span><\/p>\n<p><span class=\"text1noticias\">El director del FBI, la principal agencia federal de investigaci\u00f3n criminal del pa\u00eds, es nombrado para un solo periodo de 10 a\u00f1os por el presidente de Estados Unidos y confirmado por el Senado.<\/span><\/p>\n<p><span class=\"text1noticias\"> <\/span><\/p>\n<p><span class=\"text1noticias\">Trump nomin\u00f3 a Wray para el cargo en junio de 2017 para suceder a James Comey, a quien el presidente despidi\u00f3 un mes antes.<\/span><\/p>\n<p><span class=\"text1noticias\"> <\/span><\/p>\n<p><span class=\"text1noticias\">Los estados de Estados Unidos est\u00e1n en proceso de certificar la victoria de Biden en la carrera de este a\u00f1o por la Casa Blanca, aunque Trump se ha negado a aceptar la derrota y su equipo sigue tratando de cuestionar los r<\/span>esultados.<\/p>\n<\/p>\n<p><span class=\"text1noticias\">(Multimedia)  <\/span><\/p>\n<p><span class=\"text1noticias\">El director del Bur\u00f3 Federal de Investigaciones (FBI, por sus siglas en ingl\u00e9s), Christopher Wray, testifica previo a una audiencia del Comit\u00e9 Judicial del Senado, sobre la \u00abSupervisi\u00f3n del Bur\u00f3 Federal de Investigaciones\u00bb en el Capitolio en Washington, D.C., Estados Unidos, el 23 de julio de 2019. (Xinhua\/Liu Jie)<\/span><\/p>\n<h6> 2020-12-02 23:48:01 <\/h6>\n<p><!--\n<link rel=\"stylesheet\" href=\"css\/bootstrap.min.css\">\n\n\n<ul class=\"pagination\">\n\t    \n\t\n\n<li >\n\t<a href='?page_no=421'>Previous<\/a>\n\t<\/li>\n\n\n       \n    \n\n<li><a href='?page_no=1'>1<\/a><\/li>\n\n\n\n<li><a href='?page_no=2'>2<\/a><\/li>\n\n\n\n<li><a>...<\/a><\/li>\n\n\n\n<li><a href='?page_no=420'>420<\/a><\/li>\n\n\n\n<li><a href='?page_no=421'>421<\/a><\/li>\n\n\n\n<li class='active'><a>422<\/a><\/li>\n\n\n\n<li><a href='?page_no=423'>423<\/a><\/li>\n\n\n\n<li><a href='?page_no=424'>424<\/a><\/li>\n\n\n\n<li><a>...<\/a><\/li>\n\n\n\n<li><a href='?page_no=446'>446<\/a><\/li>\n\n\n\n<li><a href='?page_no=447'>447<\/a><\/li>\n\n    \n\t\n\n<li >\n\t<a href='?page_no=423'>Next<\/a>\n\t<\/li>\n\n\n    \n\n<li><a href='?page_no=447'>Last &rsaquo;&rsaquo;<\/a><\/li>\n\n<\/ul>\n\n\n--><br \/>\n<\/body><\/p>\n","protected":false},"excerpt":{"rendered":"<p>diariodominicano.com WASHINGTON, 2 dic (Xinhua) &#8212; Seg\u00fan informes, el presidente electo de Estados Unidos, Joe Biden, planea mantener a Christopher Wray como director del Bur\u00f3 Federal de Investigaciones (FBI). El dem\u00f3crata no retirar\u00e1 del cargo a Wray a menos que el presidente en funciones Donald Trump lo despida, inform\u00f3 hoy el New York Times que [&hellip;]<\/p>\n","protected":false},"author":3,"featured_media":0,"comment_status":"open","ping_status":"open","sticky":false,"template":"","format":"standard","meta":{"footnotes":""},"categories":[23],"tags":[],"class_list":["post-261120","post","type-post","status-publish","format-standard","hentry","category-internacional"],"_links":{"self":[{"href":"https:\/\/diariodominicano.com\/index.php?rest_route=\/wp\/v2\/posts\/261120","targetHints":{"allow":["GET"]}}],"collection":[{"href":"https:\/\/diariodominicano.com\/index.php?rest_route=\/wp\/v2\/posts"}],"about":[{"href":"https:\/\/diariodominicano.com\/index.php?rest_route=\/wp\/v2\/types\/post"}],"author":[{"embeddable":true,"href":"https:\/\/diariodominicano.com\/index.php?rest_route=\/wp\/v2\/users\/3"}],"replies":[{"embeddable":true,"href":"https:\/\/diariodominicano.com\/index.php?rest_route=%2Fwp%2Fv2%2Fcomments&post=261120"}],"version-history":[{"count":0,"href":"https:\/\/diariodominicano.com\/index.php?rest_route=\/wp\/v2\/posts\/261120\/revisions"}],"wp:attachment":[{"href":"https:\/\/diariodominicano.com\/index.php?rest_route=%2Fwp%2Fv2%2Fmedia&parent=261120"}],"wp:term":[{"taxonomy":"category","embeddable":true,"href":"https:\/\/diariodominicano.com\/index.php?rest_route=%2Fwp%2Fv2%2Fcategories&post=261120"},{"taxonomy":"post_tag","embeddable":true,"href":"https:\/\/diariodominicano.com\/index.php?rest_route=%2Fwp%2Fv2%2Ftags&post=261120"}],"curies":[{"name":"wp","href":"https:\/\/api.w.org\/{rel}","templated":true}]}}