{"id":261119,"date":"2020-12-02T23:55:36","date_gmt":"2020-12-02T23:55:36","guid":{"rendered":"http:\/\/diariodominicano.ddns.net\/?p=261119"},"modified":"2020-12-02T23:55:36","modified_gmt":"2020-12-02T23:55:36","slug":"francia-realizara-inspecciones-fronterizas-para-evitar-viajes-para-esquiar-en-extranjero","status":"publish","type":"post","link":"https:\/\/diariodominicano.com\/?p=261119","title":{"rendered":"Francia realizar\u00e1 inspecciones fronterizas para evitar viajes para esquiar en extranjero"},"content":{"rendered":"<p><body><\/p>\n<p> diariodominicano.com<\/p>\n<p><span class=\"text1noticias\">   PAR\u00cdS, 2 dic (Xinhua) &#8212; Francia llevar\u00e1 a cabo revisiones en sus fronteras con Suiza y Espa\u00f1a para disuadir a sus ciudadanos de viajar durante el feriado navide\u00f1o a centros de esqu\u00ed en el extranjero, los cuales son considerados en general focos de coronavirus, dijo hoy el primer ministro Jean Castex.<\/span><\/p>\n<\/p>\n<p><span class=\"text1noticias\">    \u00abEl objetivo es evitar que los ciudadanos franceses se contagien. Esto se realizar\u00e1 mediante inspecciones aleatorias en las fronteras\u00bb , dijo Castex al canal de noticias BFMTV.<\/span><\/p>\n<\/p>\n<p><span class=\"text1noticias\">    \u00abLas autoridades podr\u00e1n ordenar cuarentenas de siete d\u00edas\u00bb , a\u00f1adi\u00f3.<\/span><\/p>\n<p><span class=\"text1noticias\">   En Francia, as\u00ed como en Alemania e Italia, los centros de esqu\u00ed podr\u00e1n abrir durante los feriados de Navidad y A\u00f1o Nuevo, pero las telesillas estar\u00e1n cerradas. Sin embargo, algunos vecinos de Francia, como Espa\u00f1a y Suiza, han permitido la apertura de sus centros.<\/span><\/p>\n<\/p>\n<p><span class=\"text1noticias\">   Debido a que las pol\u00edticas de los pa\u00edses europeos siguen siendo distintas, Castex se\u00f1al\u00f3 que  \u00abla acci\u00f3n diplom\u00e1tica contin\u00faa\u00bb  para coordinar la apertura de centros de deportes invernales en el contexto de la pandemia de coronavirus.<\/span><\/p>\n<p><span class=\"text1noticias\">   El primer ministro franc\u00e9s afirm\u00f3 que mantener las restricciones en los centros para esquiar ha ayudado a evitar un repunte del coronavirus.<\/span><\/p>\n<p><span class=\"text1noticias\">    \u00abEste per\u00edodo vacacional navide\u00f1o representa un riesgo. Debemos limitar los riesgos y los deportes invernales son una oportunidad para incrementar la circulaci\u00f3n (del virus)\u00bb , dijo. El objetivo es evitar una tercera ola en enero, a\u00f1adi\u00f3 Castex.<\/span><\/p>\n<p><span class=\"text1noticias\">   El primer ministro dijo que la circulaci\u00f3n del coronavirus se ha desacelerado en Francia, en donde la situaci\u00f3n pand\u00e9mica  \u00abes la menos preocupante\u00bb  en Europa gracias a los  \u00abesfuerzos de los franceses y a las decisiones dif\u00edciles, pero necesarias, que hemos tomado\u00bb .<\/span><\/p>\n<p><span class=\"text1noticias\">   El martes, el n\u00famero de nuevos contagios por COVID-19 registrados en Francia se mantuvo por debajo de 10.000 por tercer d\u00eda consecutivo. Las tasas de hospitalizaci\u00f3n y de ingreso a unidades de cuidados intensivos tambi\u00e9n siguieron disminuyendo.<\/span><\/p>\n<p><span class=\"text1noticias\">   Cuando se le pregunt\u00f3 cu\u00e1ndo iniciar\u00eda la campa\u00f1a de vacunaci\u00f3n en Francia, Castex dijo que el Gobierno est\u00e1 esperando la aprobaci\u00f3n de los reguladores europeos, la cual podr\u00eda obtenerse a finales de diciembre.<\/span><\/p>\n<p><span class=\"text1noticias\">    \u00abNunca correremos el riesgo de vacunar a las personas sin tener la autorizaci\u00f3n de las autoridades competentes\u00bb , dijo.<\/span><\/p>\n<p><span class=\"text1noticias\">   Francia ya ha ordenado 100 millones de dosis de la vacuna contra la COVID-19, dijo el primer ministro, quien se\u00f1al\u00f3 que  \u00abes necesario que el mayor n\u00famero posible de franceses acepten ser vacunados\u00bb .<\/span><\/p>\n<p><span class=\"text1noticias\">   A inicios de esta semana, la Autoridad Nacional de Salud de Francia recomend\u00f3 una campa\u00f1a de vacunaci\u00f3n en cinco etapas y sobre una base voluntaria que debe dirigirse primero a residentes y personal de asilos.<\/span><\/p>\n<p><span class=\"text1noticias\">   En la segunda etapa, las personas de m\u00e1s de 65 a\u00f1os y los cuidadores deben ser vacunados. Las otras tres etapas ser\u00e1n progresivas y estar\u00e1n dirigidas a personas con comorbilidades y profesionistas expuestos.<\/span><\/p>\n<p><span class=\"text1noticias\">   Hasta el 90 por ciento de los 67 millones de habitantes del pa\u00eds deber\u00edan vacunarse para permitir un regreso a la normalidad para el pr\u00f3ximo oto\u00f1o, indic\u00f3 Arnaud Fontanet, asesor cient\u00edfico del Gobierno.<\/span><\/p>\n<p><span class=\"text1noticias\">   Una encuesta reciente de Elabe encontr\u00f3 que el 48 por ciento de los 1.003 encuestados dijo que se negar\u00eda a vacunarse contra la COVID-19 si la vacuna estuviera disponible y seis de cada diez franceses se opusieron a la idea de hacer obligatoria la vacunaci\u00f3n. <\/span><\/p>\n<h6> 2020-12-02 23:55:36 <\/h6>\n<p><!--\n<link rel=\"stylesheet\" href=\"css\/bootstrap.min.css\">\n\n\n<ul class=\"pagination\">\n\t    \n\t\n\n<li >\n\t<a href='?page_no=420'>Previous<\/a>\n\t<\/li>\n\n\n       \n    \n\n<li><a href='?page_no=1'>1<\/a><\/li>\n\n\n\n<li><a href='?page_no=2'>2<\/a><\/li>\n\n\n\n<li><a>...<\/a><\/li>\n\n\n\n<li><a href='?page_no=419'>419<\/a><\/li>\n\n\n\n<li><a href='?page_no=420'>420<\/a><\/li>\n\n\n\n<li class='active'><a>421<\/a><\/li>\n\n\n\n<li><a href='?page_no=422'>422<\/a><\/li>\n\n\n\n<li><a href='?page_no=423'>423<\/a><\/li>\n\n\n\n<li><a>...<\/a><\/li>\n\n\n\n<li><a href='?page_no=446'>446<\/a><\/li>\n\n\n\n<li><a href='?page_no=447'>447<\/a><\/li>\n\n    \n\t\n\n<li >\n\t<a href='?page_no=422'>Next<\/a>\n\t<\/li>\n\n\n    \n\n<li><a href='?page_no=447'>Last &rsaquo;&rsaquo;<\/a><\/li>\n\n<\/ul>\n\n\n--><br \/>\n<\/body><\/p>\n","protected":false},"excerpt":{"rendered":"<p>diariodominicano.com PAR\u00cdS, 2 dic (Xinhua) &#8212; Francia llevar\u00e1 a cabo revisiones en sus fronteras con Suiza y Espa\u00f1a para disuadir a sus ciudadanos de viajar durante el feriado navide\u00f1o a centros de esqu\u00ed en el extranjero, los cuales son considerados en general focos de coronavirus, dijo hoy el primer ministro Jean Castex. \u00abEl objetivo es [&hellip;]<\/p>\n","protected":false},"author":3,"featured_media":0,"comment_status":"open","ping_status":"open","sticky":false,"template":"","format":"standard","meta":{"footnotes":""},"categories":[23],"tags":[],"class_list":["post-261119","post","type-post","status-publish","format-standard","hentry","category-internacional"],"_links":{"self":[{"href":"https:\/\/diariodominicano.com\/index.php?rest_route=\/wp\/v2\/posts\/261119","targetHints":{"allow":["GET"]}}],"collection":[{"href":"https:\/\/diariodominicano.com\/index.php?rest_route=\/wp\/v2\/posts"}],"about":[{"href":"https:\/\/diariodominicano.com\/index.php?rest_route=\/wp\/v2\/types\/post"}],"author":[{"embeddable":true,"href":"https:\/\/diariodominicano.com\/index.php?rest_route=\/wp\/v2\/users\/3"}],"replies":[{"embeddable":true,"href":"https:\/\/diariodominicano.com\/index.php?rest_route=%2Fwp%2Fv2%2Fcomments&post=261119"}],"version-history":[{"count":0,"href":"https:\/\/diariodominicano.com\/index.php?rest_route=\/wp\/v2\/posts\/261119\/revisions"}],"wp:attachment":[{"href":"https:\/\/diariodominicano.com\/index.php?rest_route=%2Fwp%2Fv2%2Fmedia&parent=261119"}],"wp:term":[{"taxonomy":"category","embeddable":true,"href":"https:\/\/diariodominicano.com\/index.php?rest_route=%2Fwp%2Fv2%2Fcategories&post=261119"},{"taxonomy":"post_tag","embeddable":true,"href":"https:\/\/diariodominicano.com\/index.php?rest_route=%2Fwp%2Fv2%2Ftags&post=261119"}],"curies":[{"name":"wp","href":"https:\/\/api.w.org\/{rel}","templated":true}]}}