{"id":261116,"date":"2020-12-03T00:20:23","date_gmt":"2020-12-03T00:20:23","guid":{"rendered":"http:\/\/diariodominicano.ddns.net\/?p=261116"},"modified":"2020-12-03T00:20:23","modified_gmt":"2020-12-03T00:20:23","slug":"oim-distribuye-articulos-basicos-a-miles-de-desplazados-internos-de-libia","status":"publish","type":"post","link":"https:\/\/diariodominicano.com\/?p=261116","title":{"rendered":"OIM distribuye art\u00edculos b\u00e1sicos a miles de desplazados internos de Libia"},"content":{"rendered":"<p><body><\/p>\n<p><span class=\"text1noticias\">diariodominicano.com<\/span><\/p>\n<\/p>\n<p><span class=\"text1noticias\">   TRIPOLI, 2 dic (Xinhua) &#8212; La Organizaci\u00f3n Internacional para las Migraciones (OIM) dijo este mi\u00e9rcoles que inici\u00f3 una distribuci\u00f3n de tres d\u00edas de art\u00edculos b\u00e1sicos para miles de desplazados internos libios.<\/span><\/p>\n<\/p>\n<p><span class=\"text1noticias\">   \u00abHoy, la OIM inici\u00f3 una distribuci\u00f3n de tres d\u00edas de art\u00edculos b\u00e1sicos para 3.250 desplazados internos libios en Daraj y Awal en Nalut Mantika, al oeste de Libia\u00bb, dijo la OIM en un comunicado.<\/span><\/p>\n<\/p>\n<p><span class=\"text1noticias\">   \u00abEstas familias han sido desplazadas desde 2011 desde Ghadamis, Tawerga y Tr\u00edpoli. Con la actual pandemia de COVID-19 y la actual temporada de invierno, los art\u00edculos incluyen mantas, colchones, lonas y kits de higiene\u00bb, dice el comunicado.<\/span><\/p>\n<\/p>\n<p><span class=\"text1noticias\">   La asistencia se brinda en respuesta a una solicitud del Ministerio de Desplazados Internos y el Jefe del Comit\u00e9 de Crisis, dijo.<\/span><\/p>\n<\/p>\n<p><span class=\"text1noticias\">   Seg\u00fan el Alto Comisionado de las Naciones Unidas para los Refugiados, actualmente hay 392.241 desplazados internos libios.<\/span><\/p>\n<\/p>\n<p><span class=\"text1noticias\">   Libia ha estado sufriendo una escalada de violencia y conflictos desde que las fuerzas de la coalici\u00f3n lideradas por la Organizaci\u00f3n del Tratado del Atl\u00e1ntico Norte (OTAN) derrocaron al difunto l\u00edder libio Muammar Gaddafi en 2011. <\/span><\/p>\n<h6> 2020-12-03 00:20:23 <\/h6>\n<p><!--\n<link rel=\"stylesheet\" href=\"css\/bootstrap.min.css\">\n\n\n<ul class=\"pagination\">\n\t    \n\t\n\n<li >\n\t<a href='?page_no=418'>Previous<\/a>\n\t<\/li>\n\n\n       \n    \n\n<li><a href='?page_no=1'>1<\/a><\/li>\n\n\n\n<li><a href='?page_no=2'>2<\/a><\/li>\n\n\n\n<li><a>...<\/a><\/li>\n\n\n\n<li><a href='?page_no=417'>417<\/a><\/li>\n\n\n\n<li><a href='?page_no=418'>418<\/a><\/li>\n\n\n\n<li class='active'><a>419<\/a><\/li>\n\n\n\n<li><a href='?page_no=420'>420<\/a><\/li>\n\n\n\n<li><a href='?page_no=421'>421<\/a><\/li>\n\n\n\n<li><a>...<\/a><\/li>\n\n\n\n<li><a href='?page_no=446'>446<\/a><\/li>\n\n\n\n<li><a href='?page_no=447'>447<\/a><\/li>\n\n    \n\t\n\n<li >\n\t<a href='?page_no=420'>Next<\/a>\n\t<\/li>\n\n\n    \n\n<li><a href='?page_no=447'>Last &rsaquo;&rsaquo;<\/a><\/li>\n\n<\/ul>\n\n\n--><br \/>\n<\/body><\/p>\n","protected":false},"excerpt":{"rendered":"<p>diariodominicano.com TRIPOLI, 2 dic (Xinhua) &#8212; La Organizaci\u00f3n Internacional para las Migraciones (OIM) dijo este mi\u00e9rcoles que inici\u00f3 una distribuci\u00f3n de tres d\u00edas de art\u00edculos b\u00e1sicos para miles de desplazados internos libios. \u00abHoy, la OIM inici\u00f3 una distribuci\u00f3n de tres d\u00edas de art\u00edculos b\u00e1sicos para 3.250 desplazados internos libios en Daraj y Awal en Nalut [&hellip;]<\/p>\n","protected":false},"author":3,"featured_media":0,"comment_status":"open","ping_status":"open","sticky":false,"template":"","format":"standard","meta":{"footnotes":""},"categories":[23],"tags":[],"class_list":["post-261116","post","type-post","status-publish","format-standard","hentry","category-internacional"],"_links":{"self":[{"href":"https:\/\/diariodominicano.com\/index.php?rest_route=\/wp\/v2\/posts\/261116","targetHints":{"allow":["GET"]}}],"collection":[{"href":"https:\/\/diariodominicano.com\/index.php?rest_route=\/wp\/v2\/posts"}],"about":[{"href":"https:\/\/diariodominicano.com\/index.php?rest_route=\/wp\/v2\/types\/post"}],"author":[{"embeddable":true,"href":"https:\/\/diariodominicano.com\/index.php?rest_route=\/wp\/v2\/users\/3"}],"replies":[{"embeddable":true,"href":"https:\/\/diariodominicano.com\/index.php?rest_route=%2Fwp%2Fv2%2Fcomments&post=261116"}],"version-history":[{"count":0,"href":"https:\/\/diariodominicano.com\/index.php?rest_route=\/wp\/v2\/posts\/261116\/revisions"}],"wp:attachment":[{"href":"https:\/\/diariodominicano.com\/index.php?rest_route=%2Fwp%2Fv2%2Fmedia&parent=261116"}],"wp:term":[{"taxonomy":"category","embeddable":true,"href":"https:\/\/diariodominicano.com\/index.php?rest_route=%2Fwp%2Fv2%2Fcategories&post=261116"},{"taxonomy":"post_tag","embeddable":true,"href":"https:\/\/diariodominicano.com\/index.php?rest_route=%2Fwp%2Fv2%2Ftags&post=261116"}],"curies":[{"name":"wp","href":"https:\/\/api.w.org\/{rel}","templated":true}]}}