{"id":261110,"date":"2020-12-03T20:53:02","date_gmt":"2020-12-03T20:53:02","guid":{"rendered":"http:\/\/diariodominicano.ddns.net\/?p=261110"},"modified":"2020-12-03T20:53:02","modified_gmt":"2020-12-03T20:53:02","slug":"sesion-especial-de-onu-enfatiza-equidad-en-distribucion-de-vacunas-contra-covid-19","status":"publish","type":"post","link":"https:\/\/diariodominicano.com\/?p=261110","title":{"rendered":"Sesi\u00f3n especial de ONU enfatiza equidad en distribuci\u00f3n de vacunas contra COVID-19"},"content":{"rendered":"<p><body><\/p>\n<p><img decoding=\"async\" src=\"http:\/\/localhost:8080\/img3\/Guterres3-12-20.jpg\" \/>  <\/p>\n<p><span class=\"text1noticias\">diariodominicano.com<\/span><\/p>\n<\/p>\n<p><span class=\"text1noticias\">   NACIONES UNIDAS, 3 dic (Xinhua) &#8212; El acceso equitativo a vacunas, medicamentos y equipo m\u00e9dico contra la COVID-19 debe ser asegurado en la respuesta mundial a la pandemia, dijeron los participantes en una sesi\u00f3n especial de la Asamblea General de la ONU realizada en respuesta a la pandemia de COVID-19.<\/span><\/p>\n<\/p>\n<p><span class=\"text1noticias\">   La respuesta mundial a la crisis causada por la pandemia debe ser asumida de forma equitativa, dijo hoy Munir Akram, presidente del Consejo Econ\u00f3mico y Social.<\/span><\/p>\n<\/p>\n<p><span class=\"text1noticias\">    \u00abPrimero debemos asegurarnos de que la vacuna contra el virus est\u00e9 disponible para todos, en todas partes, ricos o pobres, hombres o mujeres, sobre una base equitativa\u00bb , dando prioridad a trabajadores m\u00e9dicos, mujeres, ni\u00f1os y otros, dijo Akram.<\/span><\/p>\n<\/p>\n<p><span class=\"text1noticias\">   Akram indic\u00f3 que no se debe permitir que la compra anticipada de vacunas contra la COVID-19 socave el compromiso colectivo con la equidad en la distribuci\u00f3n de las vacunas.<\/span><\/p>\n<\/p>\n<p><span class=\"text1noticias\">   El Movimiento de Pa\u00edses no Alineados enfatiz\u00f3 la importancia del acceso asequible, equitativo y sin obst\u00e1culos para todos los pa\u00edses a medicamentos, vacunas y equipo m\u00e9dico, lo que debe ser parte integral de una respuesta mundial coordinada y efectiva contra la COVID-19, dijo Ilham Aliyev, presidente de Azerbaiy\u00e1n y del Movimiento de Pa\u00edses no Alineados.<\/span><\/p>\n<\/p>\n<p><span class=\"text1noticias\">  Aliyev expres\u00f3 la esperanza de que las vacunas contra la COVID-19 sean consideradas un bien p\u00fablico mundial para garantizar la distribuci\u00f3n universal a precios accesibles para todos.<\/span><\/p>\n<\/p>\n<p><span class=\"text1noticias\">   Los m\u00e1s pobres y los m\u00e1s vulnerables han sido los m\u00e1s duramente golpeados por la pandemia, por lo que el Movimiento de Pa\u00edses no Alineados teme que los efectos de la crisis reviertan las ganancias de desarrollo obtenidas con trabajo y que obstaculicen los avances en la consecuci\u00f3n de los Objetivos de Desarrollo Sostenible, dijo Aliyev.<\/span><\/p>\n<\/p>\n<p><span class=\"text1noticias\">   Alrededor de cien millones de personas recayeron en la pobreza extrema, 20 pa\u00edses enfrentan inseguridad alimentaria aguda y escasez, 300 millones de empleos se han perdido y cinco pa\u00edses han dejado de realizar sus pagos, se\u00f1al\u00f3 Akram.<\/span><\/p>\n<\/p>\n<p><span class=\"text1noticias\">  Akram a\u00f1adi\u00f3 que se debe alentar a todos los Gobiernos a responder a las necesidades de las personas y que los Gobiernos e instituciones internacionales deben poner en primer lugar a las personas en el despliegue de recursos.<\/span><\/p>\n<\/p>\n<p><span class=\"text1noticias\">   La Organizaci\u00f3n Mundial de la Salud, la Coalici\u00f3n para la Innovaci\u00f3n en la Preparaci\u00f3n para Epidemias y la alianza internacional para las vacunas, GAVI, lanzaron la iniciativa mundial COVAX para dar a los pa\u00edses participantes acceso equitativo a las vacunas contra la COVID-19.<\/span><\/p>\n<\/p>\n<p><span class=\"text1noticias\">   El mecanismo mundial de adquisici\u00f3n de vacunas COVAX contaba hasta el 24 de noviembre con la participaci\u00f3n de unos 100 pa\u00edses y econom\u00edas. China se uni\u00f3 a principios de octubre.<\/span><\/p>\n<\/p>\n<p><span class=\"text1noticias\">   La sesi\u00f3n especial de dos d\u00edas consta principalmente de un debate general realizado hoy y de di\u00e1logos interactivos con expertos, agencias de la ONU y destacados cient\u00edficos el viernes. Fi<\/span>n<\/p>\n<h6> 2020-12-03 20:53:02 <\/h6>\n<p><!--\n<link rel=\"stylesheet\" href=\"css\/bootstrap.min.css\">\n\n\n<ul class=\"pagination\">\n\t    \n\t\n\n<li >\n\t<a href='?page_no=412'>Previous<\/a>\n\t<\/li>\n\n\n       \n    \n\n<li><a href='?page_no=1'>1<\/a><\/li>\n\n\n\n<li><a href='?page_no=2'>2<\/a><\/li>\n\n\n\n<li><a>...<\/a><\/li>\n\n\n\n<li><a href='?page_no=411'>411<\/a><\/li>\n\n\n\n<li><a href='?page_no=412'>412<\/a><\/li>\n\n\n\n<li class='active'><a>413<\/a><\/li>\n\n\n\n<li><a href='?page_no=414'>414<\/a><\/li>\n\n\n\n<li><a href='?page_no=415'>415<\/a><\/li>\n\n\n\n<li><a>...<\/a><\/li>\n\n\n\n<li><a href='?page_no=446'>446<\/a><\/li>\n\n\n\n<li><a href='?page_no=447'>447<\/a><\/li>\n\n    \n\t\n\n<li >\n\t<a href='?page_no=414'>Next<\/a>\n\t<\/li>\n\n\n    \n\n<li><a href='?page_no=447'>Last &rsaquo;&rsaquo;<\/a><\/li>\n\n<\/ul>\n\n\n--><br \/>\n<\/body><\/p>\n","protected":false},"excerpt":{"rendered":"<p>diariodominicano.com NACIONES UNIDAS, 3 dic (Xinhua) &#8212; El acceso equitativo a vacunas, medicamentos y equipo m\u00e9dico contra la COVID-19 debe ser asegurado en la respuesta mundial a la pandemia, dijeron los participantes en una sesi\u00f3n especial de la Asamblea General de la ONU realizada en respuesta a la pandemia de COVID-19. La respuesta mundial a [&hellip;]<\/p>\n","protected":false},"author":3,"featured_media":0,"comment_status":"open","ping_status":"open","sticky":false,"template":"","format":"standard","meta":{"footnotes":""},"categories":[23],"tags":[],"class_list":["post-261110","post","type-post","status-publish","format-standard","hentry","category-internacional"],"_links":{"self":[{"href":"https:\/\/diariodominicano.com\/index.php?rest_route=\/wp\/v2\/posts\/261110","targetHints":{"allow":["GET"]}}],"collection":[{"href":"https:\/\/diariodominicano.com\/index.php?rest_route=\/wp\/v2\/posts"}],"about":[{"href":"https:\/\/diariodominicano.com\/index.php?rest_route=\/wp\/v2\/types\/post"}],"author":[{"embeddable":true,"href":"https:\/\/diariodominicano.com\/index.php?rest_route=\/wp\/v2\/users\/3"}],"replies":[{"embeddable":true,"href":"https:\/\/diariodominicano.com\/index.php?rest_route=%2Fwp%2Fv2%2Fcomments&post=261110"}],"version-history":[{"count":0,"href":"https:\/\/diariodominicano.com\/index.php?rest_route=\/wp\/v2\/posts\/261110\/revisions"}],"wp:attachment":[{"href":"https:\/\/diariodominicano.com\/index.php?rest_route=%2Fwp%2Fv2%2Fmedia&parent=261110"}],"wp:term":[{"taxonomy":"category","embeddable":true,"href":"https:\/\/diariodominicano.com\/index.php?rest_route=%2Fwp%2Fv2%2Fcategories&post=261110"},{"taxonomy":"post_tag","embeddable":true,"href":"https:\/\/diariodominicano.com\/index.php?rest_route=%2Fwp%2Fv2%2Ftags&post=261110"}],"curies":[{"name":"wp","href":"https:\/\/api.w.org\/{rel}","templated":true}]}}