{"id":261108,"date":"2020-12-03T22:43:53","date_gmt":"2020-12-03T22:43:53","guid":{"rendered":"http:\/\/diariodominicano.ddns.net\/?p=261108"},"modified":"2020-12-03T22:43:53","modified_gmt":"2020-12-03T22:43:53","slug":"ue-presenta-propuesta-para-tratado-internacional-sobre-pandemias","status":"publish","type":"post","link":"https:\/\/diariodominicano.com\/?p=261108","title":{"rendered":"UE presenta propuesta para tratado internacional sobre pandemias"},"content":{"rendered":"<p><body><\/p>\n<p><span class=\"text1noticias\">diariodominicano.com<\/span><\/p>\n<\/p>\n<p><span class=\"text1noticias\">   NUEVA YORK, 3 dic (Xinhua) &#8212; Se debe establecer un tratado internacional sobre pandemias en el marco de la Organizaci\u00f3n Mundial de la Salud para mejorar la cooperaci\u00f3n y respuesta internacionales en este sentido, indic\u00f3 el jefe del Consejo Europeo.<\/span><\/p>\n<\/p>\n<p><span class=\"text1noticias\">   En una sesi\u00f3n especial de la Asamblea General de la ONU realizada hoy en respuesta a la pandemia de COVID-19, el presidente del Consejo Europeo, Charles Michel, dijo que el tratado debe tener como objetivo una vigilancia de riesgos m\u00e1s efectiva, intercambio de informaci\u00f3n y alertas, un mejor financiamiento y coordinaci\u00f3n para la investigaci\u00f3n, acceso a vacunas, tratamientos y pruebas, y sistemas de salud resilientes.<\/span><\/p>\n<\/p>\n<p><span class=\"text1noticias\">    \u00abTenemos que desarrollar nuestro conocimiento y vigilancia en relaci\u00f3n con las enfermedades contagiosas en animales, pues la transmisi\u00f3n a los seres humanos es el principal riesgo epidemiol\u00f3gico\u00bb , dijo Michel en un discurso grabado con anterioridad.<\/span><\/p>\n<\/p>\n<p><span class=\"text1noticias\">   El Acelerador del Acceso a Herramientas para la COVID-19 (Acelerador ACT), una colaboraci\u00f3n mundial para acelerar el desarrollo, producci\u00f3n y acceso equitativo a pruebas, tratamientos y vacunas contra la COVID-19, debe servir como modelo para desarrollar una capacidad de respuesta cient\u00edfica e industrial r\u00e1pida, seg\u00fan Michel.<\/span><\/p>\n<\/p>\n<p><span class=\"text1noticias\">   Michel dijo que una escala de niveles de alerta m\u00e1s extensa podr\u00eda tener que desarrollarse para as\u00ed tener mayor transparencia y servir como base para una comunicaci\u00f3n efectiva.<\/span><\/p>\n<\/p>\n<p><span class=\"text1noticias\">   Aunque el acceso universal a nuevas vacunas contra la COVID-19 es fundamental, el acceso a vacunas, tratamientos y pruebas para futuras pandemias debe garantizarse en un tratado, se\u00f1al\u00f3 Michel.<\/span><\/p>\n<\/p>\n<p><span class=\"text1noticias\">   El desaf\u00edo mundial sobre la forma de reforzar los sistemas de salud en caso de una pandemia tambi\u00e9n se tiene que abordar involucrando la cadena de suministro de productos y equipo m\u00e9dicos, as\u00ed como el funcionamiento del tratado internacional, indic\u00f3 el jefe del Consejo Europeo.<\/span><\/p>\n<\/p>\n<p><span class=\"text1noticias\">  Michel a\u00f1adi\u00f3 que otras organizaciones y agencias internacionales pertinentes tambi\u00e9n deben involucrarse en el tratado.<\/span><\/p>\n<\/p>\n<p><span class=\"text1noticias\">   La sesi\u00f3n especial de dos d\u00edas constar\u00e1 principalmente de un debate general hoy y de di\u00e1logos interactivos con expertos, agencias de la ONU y cient\u00edficos destacados el viernes.<\/span><\/p>\n<h6> 2020-12-03 22:43:53 <\/h6>\n<p><!--\n<link rel=\"stylesheet\" href=\"css\/bootstrap.min.css\">\n\n\n<ul class=\"pagination\">\n\t    \n\t\n\n<li >\n\t<a href='?page_no=410'>Previous<\/a>\n\t<\/li>\n\n\n       \n    \n\n<li><a href='?page_no=1'>1<\/a><\/li>\n\n\n\n<li><a href='?page_no=2'>2<\/a><\/li>\n\n\n\n<li><a>...<\/a><\/li>\n\n\n\n<li><a href='?page_no=409'>409<\/a><\/li>\n\n\n\n<li><a href='?page_no=410'>410<\/a><\/li>\n\n\n\n<li class='active'><a>411<\/a><\/li>\n\n\n\n<li><a href='?page_no=412'>412<\/a><\/li>\n\n\n\n<li><a href='?page_no=413'>413<\/a><\/li>\n\n\n\n<li><a>...<\/a><\/li>\n\n\n\n<li><a href='?page_no=446'>446<\/a><\/li>\n\n\n\n<li><a href='?page_no=447'>447<\/a><\/li>\n\n    \n\t\n\n<li >\n\t<a href='?page_no=412'>Next<\/a>\n\t<\/li>\n\n\n    \n\n<li><a href='?page_no=447'>Last &rsaquo;&rsaquo;<\/a><\/li>\n\n<\/ul>\n\n\n--><br \/>\n<\/body><\/p>\n","protected":false},"excerpt":{"rendered":"<p>diariodominicano.com NUEVA YORK, 3 dic (Xinhua) &#8212; Se debe establecer un tratado internacional sobre pandemias en el marco de la Organizaci\u00f3n Mundial de la Salud para mejorar la cooperaci\u00f3n y respuesta internacionales en este sentido, indic\u00f3 el jefe del Consejo Europeo. En una sesi\u00f3n especial de la Asamblea General de la ONU realizada hoy en [&hellip;]<\/p>\n","protected":false},"author":3,"featured_media":0,"comment_status":"open","ping_status":"open","sticky":false,"template":"","format":"standard","meta":{"footnotes":""},"categories":[23],"tags":[],"class_list":["post-261108","post","type-post","status-publish","format-standard","hentry","category-internacional"],"_links":{"self":[{"href":"https:\/\/diariodominicano.com\/index.php?rest_route=\/wp\/v2\/posts\/261108","targetHints":{"allow":["GET"]}}],"collection":[{"href":"https:\/\/diariodominicano.com\/index.php?rest_route=\/wp\/v2\/posts"}],"about":[{"href":"https:\/\/diariodominicano.com\/index.php?rest_route=\/wp\/v2\/types\/post"}],"author":[{"embeddable":true,"href":"https:\/\/diariodominicano.com\/index.php?rest_route=\/wp\/v2\/users\/3"}],"replies":[{"embeddable":true,"href":"https:\/\/diariodominicano.com\/index.php?rest_route=%2Fwp%2Fv2%2Fcomments&post=261108"}],"version-history":[{"count":0,"href":"https:\/\/diariodominicano.com\/index.php?rest_route=\/wp\/v2\/posts\/261108\/revisions"}],"wp:attachment":[{"href":"https:\/\/diariodominicano.com\/index.php?rest_route=%2Fwp%2Fv2%2Fmedia&parent=261108"}],"wp:term":[{"taxonomy":"category","embeddable":true,"href":"https:\/\/diariodominicano.com\/index.php?rest_route=%2Fwp%2Fv2%2Fcategories&post=261108"},{"taxonomy":"post_tag","embeddable":true,"href":"https:\/\/diariodominicano.com\/index.php?rest_route=%2Fwp%2Fv2%2Ftags&post=261108"}],"curies":[{"name":"wp","href":"https:\/\/api.w.org\/{rel}","templated":true}]}}