{"id":261105,"date":"2020-12-03T22:51:51","date_gmt":"2020-12-03T22:51:51","guid":{"rendered":"http:\/\/diariodominicano.ddns.net\/?p=261105"},"modified":"2020-12-03T22:51:51","modified_gmt":"2020-12-03T22:51:51","slug":"elvia-barrios-se-convierte-en-la-primera-mujer-en-presidir-el-poder-judicial-de-peru","status":"publish","type":"post","link":"https:\/\/diariodominicano.com\/?p=261105","title":{"rendered":"Elvia Barrios se convierte en la primera mujer en presidir el Poder Judicial de Per\u00fa"},"content":{"rendered":"<p><body><\/p>\n<p> diariodominicano.com<\/p>\n<p><span class=\"text1noticias\">   LIMA, 3 Dic (Xinhua) &#8212; La magistrada Elvia Barrios fue electa este jueves como la nueva presidenta del Poder Judicial (PJ) del Per\u00fa, convirti\u00e9ndose as\u00ed en la primera mujer en asumir este cargo en la historia de la instituci\u00f3n que se estableci\u00f3 formalmente en el a\u00f1o 1824.<\/span><\/p>\n<\/p>\n<p><span class=\"text1noticias\">   La Sala Plena del PJ decidi\u00f3 con 11 de 15 votos que Barrios, quien es jueza de la Corte Suprema desde 2011, dirija la instituci\u00f3n por el periodo 2021-2022.<\/span><\/p>\n<\/p>\n<p><span class=\"text1noticias\">   Tras su elecci\u00f3n la magistrada, que compet\u00eda frente al juez H\u00e9ctor Lama, declar\u00f3 que se ha \u00abroto el techo de cristal\u00bb y esto demuestra que las mujeres son \u00abagentes importantes para transformar el pa\u00eds\u00bb.<\/span><\/p>\n<\/p>\n<p><span class=\"text1noticias\">   \u00abNosotras las mujeres somos el ejemplo de lo que se puede lograr y el modelo para que puedan aspirar a tener cargos de poder de decisi\u00f3n\u00bb, sostuvo durante su discurso, en el que reconoci\u00f3 adem\u00e1s la votaci\u00f3n de los jueces supremos.<\/span><\/p>\n<\/p>\n<p><span class=\"text1noticias\">   Asimismo, la presidenta electa del PJ asegur\u00f3 que su gesti\u00f3n ser\u00e1 implacable en la lucha contra la corrupci\u00f3n, al tiempo que garantiz\u00f3 \u00abtransparencia e integridad\u00bb durante su trabajo.<\/span><\/p>\n<\/p>\n<p><span class=\"text1noticias\">   Tras considerar que el pa\u00eds vive una de las crisis m\u00e1s \u00abnefastas de la historia\u00bb, prometi\u00f3 que iniciar\u00e1n la transformaci\u00f3n de la instituci\u00f3n que dirigir\u00e1, ya que, sostuvo, \u00e9ste tiene que demostrar su responsabilidad.<\/span><\/p>\n<p><span class=\"text1noticias\">   Barrios, de 62 a\u00f1os de edad, se gradu\u00f3 en la carrera de Derecho en la Universidad Nacional Mayor de San Marcos (UNMSM) y obtuvo su maestr\u00eda y doctorado en la Universidad de San Mart\u00edn de Porres.<\/span><\/p>\n<\/p>\n<p><span class=\"text1noticias\">   En su carrera profesional destaca por haber presidido en 2001 la Sala Penal de Reos Libres y luego la Primera Sala de Reos en C\u00e1rcel. Tambi\u00e9n integr\u00f3 y presidi\u00f3 la Sala Cuarta Anticorrupci\u00f3n.<\/span><\/p>\n<\/p>\n<p><span class=\"text1noticias\">   En 2009 lleg\u00f3 a la Corte Suprema como Jueza Provisional y posteriormente fue designada juez titular suprema.<\/span><\/p>\n<\/p>\n<p><span class=\"text1noticias\">   Durante el periodo 2012-2013 fue presidenta de la Red Latinoamericana de Jueces (Redlaj), una asociaci\u00f3n internacional que agrupa a magistrados de 19 pa\u00edses.<\/span><\/p>\n<h6> 2020-12-03 22:51:51 <\/h6>\n<p><!--\n<link rel=\"stylesheet\" href=\"css\/bootstrap.min.css\">\n\n\n<ul class=\"pagination\">\n\t    \n\t\n\n<li >\n\t<a href='?page_no=408'>Previous<\/a>\n\t<\/li>\n\n\n       \n    \n\n<li><a href='?page_no=1'>1<\/a><\/li>\n\n\n\n<li><a href='?page_no=2'>2<\/a><\/li>\n\n\n\n<li><a>...<\/a><\/li>\n\n\n\n<li><a href='?page_no=407'>407<\/a><\/li>\n\n\n\n<li><a href='?page_no=408'>408<\/a><\/li>\n\n\n\n<li class='active'><a>409<\/a><\/li>\n\n\n\n<li><a href='?page_no=410'>410<\/a><\/li>\n\n\n\n<li><a href='?page_no=411'>411<\/a><\/li>\n\n\n\n<li><a>...<\/a><\/li>\n\n\n\n<li><a href='?page_no=446'>446<\/a><\/li>\n\n\n\n<li><a href='?page_no=447'>447<\/a><\/li>\n\n    \n\t\n\n<li >\n\t<a href='?page_no=410'>Next<\/a>\n\t<\/li>\n\n\n    \n\n<li><a href='?page_no=447'>Last &rsaquo;&rsaquo;<\/a><\/li>\n\n<\/ul>\n\n\n--><br \/>\n<\/body><\/p>\n","protected":false},"excerpt":{"rendered":"<p>diariodominicano.com LIMA, 3 Dic (Xinhua) &#8212; La magistrada Elvia Barrios fue electa este jueves como la nueva presidenta del Poder Judicial (PJ) del Per\u00fa, convirti\u00e9ndose as\u00ed en la primera mujer en asumir este cargo en la historia de la instituci\u00f3n que se estableci\u00f3 formalmente en el a\u00f1o 1824. La Sala Plena del PJ decidi\u00f3 con [&hellip;]<\/p>\n","protected":false},"author":3,"featured_media":0,"comment_status":"open","ping_status":"open","sticky":false,"template":"","format":"standard","meta":{"footnotes":""},"categories":[23],"tags":[],"class_list":["post-261105","post","type-post","status-publish","format-standard","hentry","category-internacional"],"_links":{"self":[{"href":"https:\/\/diariodominicano.com\/index.php?rest_route=\/wp\/v2\/posts\/261105","targetHints":{"allow":["GET"]}}],"collection":[{"href":"https:\/\/diariodominicano.com\/index.php?rest_route=\/wp\/v2\/posts"}],"about":[{"href":"https:\/\/diariodominicano.com\/index.php?rest_route=\/wp\/v2\/types\/post"}],"author":[{"embeddable":true,"href":"https:\/\/diariodominicano.com\/index.php?rest_route=\/wp\/v2\/users\/3"}],"replies":[{"embeddable":true,"href":"https:\/\/diariodominicano.com\/index.php?rest_route=%2Fwp%2Fv2%2Fcomments&post=261105"}],"version-history":[{"count":0,"href":"https:\/\/diariodominicano.com\/index.php?rest_route=\/wp\/v2\/posts\/261105\/revisions"}],"wp:attachment":[{"href":"https:\/\/diariodominicano.com\/index.php?rest_route=%2Fwp%2Fv2%2Fmedia&parent=261105"}],"wp:term":[{"taxonomy":"category","embeddable":true,"href":"https:\/\/diariodominicano.com\/index.php?rest_route=%2Fwp%2Fv2%2Fcategories&post=261105"},{"taxonomy":"post_tag","embeddable":true,"href":"https:\/\/diariodominicano.com\/index.php?rest_route=%2Fwp%2Fv2%2Ftags&post=261105"}],"curies":[{"name":"wp","href":"https:\/\/api.w.org\/{rel}","templated":true}]}}