{"id":261103,"date":"2020-12-04T15:38:38","date_gmt":"2020-12-04T15:38:38","guid":{"rendered":"http:\/\/diariodominicano.ddns.net\/?p=261103"},"modified":"2020-12-04T15:38:38","modified_gmt":"2020-12-04T15:38:38","slug":"vacunacion-contra-covid-19-no-sera-obligatoria-en-croacia-epidemiologo","status":"publish","type":"post","link":"https:\/\/diariodominicano.com\/?p=261103","title":{"rendered":"Vacunaci\u00f3n contra COVID-19 no ser\u00e1 obligatoria en Croacia: Epidemi\u00f3logo"},"content":{"rendered":"<p><body><\/p>\n<p><img decoding=\"async\" src=\"http:\/\/localhost:8080\/img3\/zagred-Croacia4-12-20.jpg\" \/>  <\/p>\n<p><span class=\"text1noticias\">(Multimedia)  <\/span><\/p>\n<p><span class=\"text1noticias\">Trabajadores m\u00e9dicos toman muestras de hisopado en un centro de pruebas de COVID-19 a bordo de autom\u00f3viles, en Zagreb, Croacia, el 31 de octubre de 2020. (Xinhua\/Zeljko Lukunic\/Pixsell) <\/span><\/p>\n<p><span class=\"text1noticias\"> <\/span><\/p>\n<p><span class=\"text1noticias\">ZAGREB, 4 dic (Xinhua) &#8212; La vacunaci\u00f3n contra la COVID-19 no ser\u00e1 obligatoria en Croacia, dijo hoy el jefe de epidemi\u00f3logos del pa\u00eds.<\/span><\/p>\n<p><span class=\"text1noticias\"> <\/span><\/p>\n<p><span class=\"text1noticias\">La vacunaci\u00f3n es una cuesti\u00f3n de responsabilidad social y de solidaridad con las personas m\u00e1s vulnerables que pueden sufrir la infecci\u00f3n por coronavirus, dijo Krunoslav Capak, director del Instituto Croata de Salud P\u00fablica.<\/span><\/p>\n<p><span class=\"text1noticias\"> <\/span><\/p>\n<p><span class=\"text1noticias\">\u00abCreemos que es importante enfatizar que la vacunaci\u00f3n no s\u00f3lo nos protege a nosotros, sino tambi\u00e9n a los dem\u00e1s\u00bb, dijo en una conferencia de prensa hoy.<\/span><\/p>\n<p><span class=\"text1noticias\"> <\/span><\/p>\n<p><span class=\"text1noticias\">El gobierno croata est\u00e1 preparando una campa\u00f1a especial para alentar a las personas a vacunarse contra la COVID-19 una vez que haya una vacuna disponible.<\/span><\/p>\n<p><span class=\"text1noticias\"> <\/span><\/p>\n<p><span class=\"text1noticias\">Croacia ha hecho el pedido de vacunas contra la COVID-19 a diversas empresas a trav\u00e9s de la Uni\u00f3n Europea, y se espera que sean entregadas al pa\u00eds tan pronto como est\u00e9n registradas.<\/span><\/p>\n<p><span class=\"text1noticias\"> <\/span><\/p>\n<p><span class=\"text1noticias\">Capak dijo que hab\u00edan pedido m\u00e1s de cinco millones de dosis, lo que deber\u00eda ser suficiente para todas las personas del pa\u00eds. Sin embargo, agreg\u00f3, las personas necesitar\u00e1n usar mascarillas incluso despu\u00e9s de haber sido vacunadas debido a la suposici\u00f3n de que a\u00fan pueden transmitir el virus.<\/span><\/p>\n<p><span class=\"text1noticias\"> <\/span><\/p>\n<p><span class=\"text1noticias\">El primer ministro Andrej Plenkovic dijo el jueves que la aplicaci\u00f3n de la vacuna ser\u00e1 gratuita.<\/span><\/p>\n<p><span class=\"text1noticias\"> <\/span><\/p>\n<p><span class=\"text1noticias\">Despu\u00e9s de registrar un n\u00famero r\u00e9cord diario de 4.534 nuevas infecciones el jueves, Croacia report\u00f3 hoy 3.955 nuevas infecciones por la COVID-19 y 68 muertes relacionadas.<\/span><\/p>\n<p><span class=\"text1noticias\"> <\/span><\/p>\n<p><span class=\"text1noticias\">Desde el 25 de febrero, cuando se confirm\u00f3 el primer caso de la COVID-19 en Croacia, un total de 143.370 personas han sido infectadas con el coronavirus, de las cuales 2.032 han muerto y 117.148 se han recuperado, seg\u00fan el Instituto Croata de Sal<\/span>ud P\u00fablica.<\/p>\n<\/p>\n<p><span class=\"text1noticias\">(Multimedia)  <\/span><\/p>\n<p><span class=\"text1noticias\">Trabajadores m\u00e9dicos toman muestras de hisopado en un centro de pruebas de COVID-19 a bordo de autom\u00f3viles, en Zagreb, Croacia, el 31 de octubre de 2020. (Xinhua\/Zeljko Lukunic\/Pixsell) <\/span><\/p>\n<h6> 2020-12-04 15:38:38 <\/h6>\n<p><!--\n<link rel=\"stylesheet\" href=\"css\/bootstrap.min.css\">\n\n\n<ul class=\"pagination\">\n\t    \n\t\n\n<li >\n\t<a href='?page_no=406'>Previous<\/a>\n\t<\/li>\n\n\n       \n    \n\n<li><a href='?page_no=1'>1<\/a><\/li>\n\n\n\n<li><a href='?page_no=2'>2<\/a><\/li>\n\n\n\n<li><a>...<\/a><\/li>\n\n\n\n<li><a href='?page_no=405'>405<\/a><\/li>\n\n\n\n<li><a href='?page_no=406'>406<\/a><\/li>\n\n\n\n<li class='active'><a>407<\/a><\/li>\n\n\n\n<li><a href='?page_no=408'>408<\/a><\/li>\n\n\n\n<li><a href='?page_no=409'>409<\/a><\/li>\n\n\n\n<li><a>...<\/a><\/li>\n\n\n\n<li><a href='?page_no=446'>446<\/a><\/li>\n\n\n\n<li><a href='?page_no=447'>447<\/a><\/li>\n\n    \n\t\n\n<li >\n\t<a href='?page_no=408'>Next<\/a>\n\t<\/li>\n\n\n    \n\n<li><a href='?page_no=447'>Last &rsaquo;&rsaquo;<\/a><\/li>\n\n<\/ul>\n\n\n--><br \/>\n<\/body><\/p>\n","protected":false},"excerpt":{"rendered":"<p>(Multimedia) Trabajadores m\u00e9dicos toman muestras de hisopado en un centro de pruebas de COVID-19 a bordo de autom\u00f3viles, en Zagreb, Croacia, el 31 de octubre de 2020. (Xinhua\/Zeljko Lukunic\/Pixsell) ZAGREB, 4 dic (Xinhua) &#8212; La vacunaci\u00f3n contra la COVID-19 no ser\u00e1 obligatoria en Croacia, dijo hoy el jefe de epidemi\u00f3logos del pa\u00eds. La vacunaci\u00f3n es [&hellip;]<\/p>\n","protected":false},"author":3,"featured_media":0,"comment_status":"open","ping_status":"open","sticky":false,"template":"","format":"standard","meta":{"footnotes":""},"categories":[23],"tags":[],"class_list":["post-261103","post","type-post","status-publish","format-standard","hentry","category-internacional"],"_links":{"self":[{"href":"https:\/\/diariodominicano.com\/index.php?rest_route=\/wp\/v2\/posts\/261103","targetHints":{"allow":["GET"]}}],"collection":[{"href":"https:\/\/diariodominicano.com\/index.php?rest_route=\/wp\/v2\/posts"}],"about":[{"href":"https:\/\/diariodominicano.com\/index.php?rest_route=\/wp\/v2\/types\/post"}],"author":[{"embeddable":true,"href":"https:\/\/diariodominicano.com\/index.php?rest_route=\/wp\/v2\/users\/3"}],"replies":[{"embeddable":true,"href":"https:\/\/diariodominicano.com\/index.php?rest_route=%2Fwp%2Fv2%2Fcomments&post=261103"}],"version-history":[{"count":0,"href":"https:\/\/diariodominicano.com\/index.php?rest_route=\/wp\/v2\/posts\/261103\/revisions"}],"wp:attachment":[{"href":"https:\/\/diariodominicano.com\/index.php?rest_route=%2Fwp%2Fv2%2Fmedia&parent=261103"}],"wp:term":[{"taxonomy":"category","embeddable":true,"href":"https:\/\/diariodominicano.com\/index.php?rest_route=%2Fwp%2Fv2%2Fcategories&post=261103"},{"taxonomy":"post_tag","embeddable":true,"href":"https:\/\/diariodominicano.com\/index.php?rest_route=%2Fwp%2Fv2%2Ftags&post=261103"}],"curies":[{"name":"wp","href":"https:\/\/api.w.org\/{rel}","templated":true}]}}