{"id":261100,"date":"2020-12-04T22:39:18","date_gmt":"2020-12-04T22:39:18","guid":{"rendered":"http:\/\/diariodominicano.ddns.net\/?p=261100"},"modified":"2020-12-04T22:39:18","modified_gmt":"2020-12-04T22:39:18","slug":"fauci-acepta-oferta-de-biden-para-ser-su-asesor-medico-principal","status":"publish","type":"post","link":"https:\/\/diariodominicano.com\/?p=261100","title":{"rendered":"Fauci acepta oferta de Biden para ser su asesor m\u00e9dico principal"},"content":{"rendered":"<p><body><\/p>\n<p><img decoding=\"async\" src=\"http:\/\/localhost:8080\/img3\/antonyFausi4-12-20.jpg\" \/>  <\/p>\n<p> <span class=\"text1noticias\"> diariodominicano.com<\/span><\/p>\n<p><span class=\"text1noticias\">   WASHINGTON, 4 dic (Xinhua) &#8212; Anthony Fauci, el m\u00e1ximo experto en enfermedades contagiosas de Estados Unidos, dijo hoy que acept\u00f3 la oferta del presidente electo Joe Biden para ser su asesor m\u00e9dico principal.<\/span><\/p>\n<\/p>\n<p><span class=\"text1noticias\">    \u00abOh, absolutamente. Dije que s\u00ed en el acto\u00bb , se\u00f1al\u00f3 Fauci en una entrevista en el programa  \u00abToday\u00bb  de NBC.<\/span><\/p>\n<\/p>\n<p><span class=\"text1noticias\">   La confirmaci\u00f3n se produce un d\u00eda despu\u00e9s de que Biden revel\u00f3 que hab\u00eda pedido a Fauci que fuera su asesor m\u00e9dico principal y que formara parte del equipo de respuesta a la COVID-19 de su administraci\u00f3n.<\/span><\/p>\n<\/p>\n<p><span class=\"text1noticias\">    \u00abLe ped\u00ed que se quedara exactamente en el mismo puesto que ha tenido durante varias presidencias anteriores\u00bb , dijo el jueves Biden en una entrevista con CNN.<\/span><\/p>\n<\/p>\n<p><span class=\"text1noticias\">  Fauci, quien ha sido director del Instituto Nacional de Alergias y Enfermedades Infecciosas de Estados Unidos desde 1984, tambi\u00e9n es uno de los m\u00e1s destacados miembros de la fuerza de tarea para el coronavirus de la administraci\u00f3n de Donald Trump.<\/span><\/p>\n<\/p>\n<p><span class=\"text1noticias\">  Ron Klain, pr\u00f3ximo jefe de gabinete de Biden y coordinador de la respuesta al \u00e9bola de la Casa Blanca durante la administraci\u00f3n de Barack Obama, dijo hoy en Twitter que  \u00abser\u00e1 un gran honor\u00bb  trabajar de nuevo con Fauci.<\/span><\/p>\n<\/p>\n<p><span class=\"text1noticias\">  Biden ha dejado claro que una gran prioridad de su administraci\u00f3n ser\u00e1 hacer frente a la pandemia que ha conducido al contagio de m\u00e1s de 14,2 millones de personas en Estados Unidos y ha dejado cerca de 278.000 muertos.<\/span><\/p>\n<\/p>\n<p><span class=\"text1noticias\">   El dem\u00f3crata tambi\u00e9n dijo el jueves que exhortar\u00e1 a los estadounidenses a utilizar mascarilla durante los primeros 100 d\u00edas despu\u00e9s de asumir el cargo.<\/span><\/p>\n<\/p>\n<p><span class=\"text1noticias\">  Fauci indic\u00f3 hoy que ha conversado con Biden sobre el plan y dijo que es una buena idea.<\/span><\/p>\n<\/p>\n<p><span class=\"text1noticias\">   Biden  \u00abest\u00e1 diciendo  &#8216;oigan, amigos, conf\u00eden en m\u00ed. Todos durante 100 d\u00edas&#8217; \u00bb , dijo el experto.  \u00abAhora bien, podr\u00eda ser que despu\u00e9s de eso todav\u00eda vayamos a necesitar las mascarillas, pero \u00e9l sencillamente quiere que todos se comprometan durante 100 d\u00edas\u00bb . Fin<\/span><\/p>\n<h6> 2020-12-04 22:39:18 <\/h6>\n<p><!--\n<link rel=\"stylesheet\" href=\"css\/bootstrap.min.css\">\n\n\n<ul class=\"pagination\">\n\t    \n\t\n\n<li >\n\t<a href='?page_no=403'>Previous<\/a>\n\t<\/li>\n\n\n       \n    \n\n<li><a href='?page_no=1'>1<\/a><\/li>\n\n\n\n<li><a href='?page_no=2'>2<\/a><\/li>\n\n\n\n<li><a>...<\/a><\/li>\n\n\n\n<li><a href='?page_no=402'>402<\/a><\/li>\n\n\n\n<li><a href='?page_no=403'>403<\/a><\/li>\n\n\n\n<li class='active'><a>404<\/a><\/li>\n\n\n\n<li><a href='?page_no=405'>405<\/a><\/li>\n\n\n\n<li><a href='?page_no=406'>406<\/a><\/li>\n\n\n\n<li><a>...<\/a><\/li>\n\n\n\n<li><a href='?page_no=446'>446<\/a><\/li>\n\n\n\n<li><a href='?page_no=447'>447<\/a><\/li>\n\n    \n\t\n\n<li >\n\t<a href='?page_no=405'>Next<\/a>\n\t<\/li>\n\n\n    \n\n<li><a href='?page_no=447'>Last &rsaquo;&rsaquo;<\/a><\/li>\n\n<\/ul>\n\n\n--><br \/>\n<\/body><\/p>\n","protected":false},"excerpt":{"rendered":"<p>diariodominicano.com WASHINGTON, 4 dic (Xinhua) &#8212; Anthony Fauci, el m\u00e1ximo experto en enfermedades contagiosas de Estados Unidos, dijo hoy que acept\u00f3 la oferta del presidente electo Joe Biden para ser su asesor m\u00e9dico principal. \u00abOh, absolutamente. Dije que s\u00ed en el acto\u00bb , se\u00f1al\u00f3 Fauci en una entrevista en el programa \u00abToday\u00bb de NBC. La [&hellip;]<\/p>\n","protected":false},"author":3,"featured_media":0,"comment_status":"open","ping_status":"open","sticky":false,"template":"","format":"standard","meta":{"footnotes":""},"categories":[23],"tags":[],"class_list":["post-261100","post","type-post","status-publish","format-standard","hentry","category-internacional"],"_links":{"self":[{"href":"https:\/\/diariodominicano.com\/index.php?rest_route=\/wp\/v2\/posts\/261100","targetHints":{"allow":["GET"]}}],"collection":[{"href":"https:\/\/diariodominicano.com\/index.php?rest_route=\/wp\/v2\/posts"}],"about":[{"href":"https:\/\/diariodominicano.com\/index.php?rest_route=\/wp\/v2\/types\/post"}],"author":[{"embeddable":true,"href":"https:\/\/diariodominicano.com\/index.php?rest_route=\/wp\/v2\/users\/3"}],"replies":[{"embeddable":true,"href":"https:\/\/diariodominicano.com\/index.php?rest_route=%2Fwp%2Fv2%2Fcomments&post=261100"}],"version-history":[{"count":0,"href":"https:\/\/diariodominicano.com\/index.php?rest_route=\/wp\/v2\/posts\/261100\/revisions"}],"wp:attachment":[{"href":"https:\/\/diariodominicano.com\/index.php?rest_route=%2Fwp%2Fv2%2Fmedia&parent=261100"}],"wp:term":[{"taxonomy":"category","embeddable":true,"href":"https:\/\/diariodominicano.com\/index.php?rest_route=%2Fwp%2Fv2%2Fcategories&post=261100"},{"taxonomy":"post_tag","embeddable":true,"href":"https:\/\/diariodominicano.com\/index.php?rest_route=%2Fwp%2Fv2%2Ftags&post=261100"}],"curies":[{"name":"wp","href":"https:\/\/api.w.org\/{rel}","templated":true}]}}