{"id":261099,"date":"2020-12-04T22:40:34","date_gmt":"2020-12-04T22:40:34","guid":{"rendered":"http:\/\/diariodominicano.ddns.net\/?p=261099"},"modified":"2020-12-04T22:40:34","modified_gmt":"2020-12-04T22:40:34","slug":"oms-pide-esfuerzos-sostenidos-para-controlar-transmision-de-covid-19","status":"publish","type":"post","link":"https:\/\/diariodominicano.com\/?p=261099","title":{"rendered":"OMS pide esfuerzos sostenidos para controlar transmisi\u00f3n de COVID-19"},"content":{"rendered":"<p><body><\/p>\n<p><img decoding=\"async\" src=\"http:\/\/localhost:8080\/img3\/OMS-Ginebra4-12-20.jpg\" \/>  <\/p>\n<p><span class=\"text1noticias\"> <\/span><\/p>\n<p> diariodominicano.com<\/p>\n<p><span class=\"text1noticias\">   GINEBRA, 4 dic (Xinhua) &#8212; La pandemia de COVID-19 no se ha asentado en un patr\u00f3n predecible porque la situaci\u00f3n de la transmisi\u00f3n y los casos en distintos pa\u00edses var\u00eda mucho, dijo hoy un experto de la Organizaci\u00f3n Mundial de la Salud (OMS) que destac\u00f3 que no hay una sola soluci\u00f3n adecuada para todos a nivel mundial.<\/span><\/p>\n<\/p>\n<p><span class=\"text1noticias\">   Durante una conferencia de prensa virtual, Mike Ryan, director ejecutivo del Programa de Emergencias Sanitarias de la OMS, advirti\u00f3 que  \u00ablas vacunas no equivalen a cero COVID\u00bb  y que las vacunas y la vacunaci\u00f3n  \u00absolo agregar\u00e1n una importante y poderosa herramienta a la caja de herramientas que tenemos ahora\u00bb .<\/span><\/p>\n<\/p>\n<p><span class=\"text1noticias\">    \u00abPor esta raz\u00f3n los pa\u00edses, principalmente los que todav\u00eda sufren de una fuerte transmisi\u00f3n de COVID-19, realmente tienen que sostener los esfuerzos y las medidas para controlar y reducir el n\u00famero de casos\u00bb , dijo.<\/span><\/p>\n<p><span class=\"text1noticias\">   De acuerdo con el experto de la OMS, podr\u00eda haber b\u00e1sicamente dos fases en los pr\u00f3ximos seis meses: la primera es controlar y reducir las muertes y los s\u00edntomas graves; la segunda es controlar de hecho la transmisi\u00f3n de la enfermedad.<\/span><\/p>\n<\/p>\n<p><span class=\"text1noticias\">   Por otra parte, Maria Van Kerkhove, directora t\u00e9cnica de la respuesta a la COVID-19 del Programa de Emergencias Sanitarias de la OMS, tambi\u00e9n dej\u00f3 claro que los pr\u00f3ximos seis meses van a ser dif\u00edciles, pero esperanzadores, y que requerir\u00e1n la paciencia de todos.<\/span><\/p>\n<\/p>\n<p><span class=\"text1noticias\">   Van Kerkhove pidi\u00f3 estricta vigilancia de todos para modificar su comportamiento para lidiar con la  \u00abnueva normalidad\u00bb  hasta que se acabe la pandemia.<\/span><\/p>\n<\/p>\n<p><span class=\"text1noticias\">   A los pa\u00edses que han reducido la transmisi\u00f3n, como muchos pa\u00edses europeos, les pidi\u00f3 asegurarse de que esta se mantenga baja, en lugar de regresar a la situaci\u00f3n de primavera y seguir fluctuando entre confinamientos y aperturas.<\/span><\/p>\n<\/p>\n<p><span class=\"text1noticias\">   De acuerdo con el director general de la OMS, Tedros Adhanom Ghebreyesus, la pandemia todav\u00eda tiene un largo camino que recorrer y las decisiones tomadas por los l\u00edderes y ciudadanos en los pr\u00f3ximos d\u00edas determinar\u00e1n tanto el rumbo del virus en el corto plazo como la fecha en la que finalmente se acabar\u00e1 esta pandemia.<\/span> <\/p>\n<h6> 2020-12-04 22:40:34 <\/h6>\n<p><!--\n<link rel=\"stylesheet\" href=\"css\/bootstrap.min.css\">\n\n\n<ul class=\"pagination\">\n\t    \n\t\n\n<li >\n\t<a href='?page_no=402'>Previous<\/a>\n\t<\/li>\n\n\n       \n    \n\n<li><a href='?page_no=1'>1<\/a><\/li>\n\n\n\n<li><a href='?page_no=2'>2<\/a><\/li>\n\n\n\n<li><a>...<\/a><\/li>\n\n\n\n<li><a href='?page_no=401'>401<\/a><\/li>\n\n\n\n<li><a href='?page_no=402'>402<\/a><\/li>\n\n\n\n<li class='active'><a>403<\/a><\/li>\n\n\n\n<li><a href='?page_no=404'>404<\/a><\/li>\n\n\n\n<li><a href='?page_no=405'>405<\/a><\/li>\n\n\n\n<li><a>...<\/a><\/li>\n\n\n\n<li><a href='?page_no=446'>446<\/a><\/li>\n\n\n\n<li><a href='?page_no=447'>447<\/a><\/li>\n\n    \n\t\n\n<li >\n\t<a href='?page_no=404'>Next<\/a>\n\t<\/li>\n\n\n    \n\n<li><a href='?page_no=447'>Last &rsaquo;&rsaquo;<\/a><\/li>\n\n<\/ul>\n\n\n--><br \/>\n<\/body><\/p>\n","protected":false},"excerpt":{"rendered":"<p>diariodominicano.com GINEBRA, 4 dic (Xinhua) &#8212; La pandemia de COVID-19 no se ha asentado en un patr\u00f3n predecible porque la situaci\u00f3n de la transmisi\u00f3n y los casos en distintos pa\u00edses var\u00eda mucho, dijo hoy un experto de la Organizaci\u00f3n Mundial de la Salud (OMS) que destac\u00f3 que no hay una sola soluci\u00f3n adecuada para todos [&hellip;]<\/p>\n","protected":false},"author":3,"featured_media":0,"comment_status":"open","ping_status":"open","sticky":false,"template":"","format":"standard","meta":{"footnotes":""},"categories":[23],"tags":[],"class_list":["post-261099","post","type-post","status-publish","format-standard","hentry","category-internacional"],"_links":{"self":[{"href":"https:\/\/diariodominicano.com\/index.php?rest_route=\/wp\/v2\/posts\/261099","targetHints":{"allow":["GET"]}}],"collection":[{"href":"https:\/\/diariodominicano.com\/index.php?rest_route=\/wp\/v2\/posts"}],"about":[{"href":"https:\/\/diariodominicano.com\/index.php?rest_route=\/wp\/v2\/types\/post"}],"author":[{"embeddable":true,"href":"https:\/\/diariodominicano.com\/index.php?rest_route=\/wp\/v2\/users\/3"}],"replies":[{"embeddable":true,"href":"https:\/\/diariodominicano.com\/index.php?rest_route=%2Fwp%2Fv2%2Fcomments&post=261099"}],"version-history":[{"count":0,"href":"https:\/\/diariodominicano.com\/index.php?rest_route=\/wp\/v2\/posts\/261099\/revisions"}],"wp:attachment":[{"href":"https:\/\/diariodominicano.com\/index.php?rest_route=%2Fwp%2Fv2%2Fmedia&parent=261099"}],"wp:term":[{"taxonomy":"category","embeddable":true,"href":"https:\/\/diariodominicano.com\/index.php?rest_route=%2Fwp%2Fv2%2Fcategories&post=261099"},{"taxonomy":"post_tag","embeddable":true,"href":"https:\/\/diariodominicano.com\/index.php?rest_route=%2Fwp%2Fv2%2Ftags&post=261099"}],"curies":[{"name":"wp","href":"https:\/\/api.w.org\/{rel}","templated":true}]}}