{"id":261097,"date":"2020-12-04T23:26:45","date_gmt":"2020-12-04T23:26:45","guid":{"rendered":"http:\/\/diariodominicano.ddns.net\/?p=261097"},"modified":"2020-12-04T23:26:45","modified_gmt":"2020-12-04T23:26:45","slug":"casa-de-accion-interna-una-oportunidad-para-la-poblacion-carcelaria-en-colombia","status":"publish","type":"post","link":"https:\/\/diariodominicano.com\/?p=261097","title":{"rendered":"Casa de Acci\u00f3n Interna, una oportunidad para la poblaci\u00f3n carcelaria en Colombia"},"content":{"rendered":"<p><body><\/p>\n<p><span class=\"text1noticias\">diariodominicano.com<\/span><\/p>\n<p><span class=\"text1noticias\">   BOGOT\u00c1, 4 dic (Xinhua) &#8212; La fundaci\u00f3n Acci\u00f3n Interna, dedicada a la generaci\u00f3n de nuevas oportunidades para la poblaci\u00f3n carcelaria de Colombia, ha abierto un nuevo espacio para que aquellas personas que buscan reincorporarse laboralmente a la sociedad adquirieran conocimientos y desarrollen habilidades luego de purgar sus penas en centros penitenciarios.<\/span><\/p>\n<\/p>\n<p><span class=\"text1noticias\">   Una casona antigua en el barrio Teusaquillo del centro de Bogot\u00e1 es el nuevo punto de impulso de varios proyectos productivos donde mujeres y hombres forjan valores centrados en la inclusi\u00f3n social, la reconciliaci\u00f3n, el trabajo bien remunerado y el emprendimiento.<\/span><\/p>\n<\/p>\n<p><span class=\"text1noticias\">   Un restaurante, una barber\u00eda, un estudio de tatuaje, un teatro, una agencia de publicidad y un espacio para confecciones son los nuevos espacios para que los pospenados se capaciten en formas dignas de subsistir, llevar sustento a sus hogares o adquirir las herramientas para nuevos emprendimientos individuales.<\/span><\/p>\n<\/p>\n<p><span class=\"text1noticias\">   \u00abEn la fundaci\u00f3n hemos trabajado con m\u00e1s de 30 mil personas privadas de la libertad y en esta casa que abrimos hace menos de un mes ya se han beneficiado 148 personas. Cada taller o cada programa de la fundaci\u00f3n siempre es muy bien recibido, saben lo que hacemos, nos conocen hace muchos a\u00f1os, creen en nosotros y eso es lo m\u00e1s importante\u00bb, dijo a Xinhua Johana Baham\u00f3n la directora de la fundaci\u00f3n.<\/span><\/p>\n<\/p>\n<p><span class=\"text1noticias\">   Durante una visita al lugar Baham\u00f3n a\u00f1adi\u00f3 a Xinhua que, \u00ablo que queremos es que ellos sientan que esta no es nuestra casa sino la casa de ellos, es la casa donde ellos pueden comenzar a hacer sus sue\u00f1os realidad, a desarrollar las habilidades que cada uno tiene y empezar a compartir y a reincorporarse laboral y socialmente a la sociedad de una forma digna como se lo merecen\u00bb.<\/span><\/p>\n<\/p>\n<p><span class=\"text1noticias\">   De la mano de entidades internacionales como el Banco Interamericano de Desarrollo, ACDI- VOCA y Open Society, entre otras, la fundaci\u00f3n Acci\u00f3n Interna busca que su iniciativa llegue a ser un modelo que pueda ser replicado en centros penitenciarios de otros pa\u00edses o en otras ciudades del mundo.<\/span><\/p>\n<\/p>\n<p><span class=\"text1noticias\">   \u00abLo que yo m\u00e1s quisiera y no solamente con la casa sino con toda la metodolog\u00eda de intervenci\u00f3n que tenemos en la fundaci\u00f3n es que ya est\u00e9 sistematizada, que cualquier persona en cualquier parte del mundo o de Colombia, la pueda replicar f\u00e1cil y que sea asequible a cualquier persona que lo quiera hacer, en eso estamos\u00bb, abund\u00f3 Baham\u00f3n.<\/span><\/p>\n<\/p>\n<p><span class=\"text1noticias\">   En la casa fue refundado el restaurante Interno que funcion\u00f3 durante tres a\u00f1os en un centro peitenciario de la ciudad de Cartagena y que fue calificado en 2018 por la revista Time como uno de los 100 mejores lugares para conocer en el mundo.<\/span><\/p>\n<\/p>\n<p><span class=\"text1noticias\">   Ex reclusos como Daniel Rodr\u00edguez, quien purg\u00f3 una pena de 18 meses en una c\u00e1rcel por los delitos de microtr\u00e1fico de estupefacientes y concierto para delinquir, han visto en este espacio el lugar para reconciliarse con la sociedad y aportar sus habilidades por medio del arte del tatuaje.<\/span><\/p>\n<\/p>\n<p><span class=\"text1noticias\">   \u00abYo me acerco a estas personas, ingreso a este proyecto desde ese lugar y cambia mi vida por completo, empiezo a darme cuenta que hay gente que cree en m\u00ed, empiezo a creer m\u00e1s en m\u00ed y a darme cuenta que en medio de ese ambiente tenso, de personas malas, yo era s\u00faper bueno, era un buen elemento, una buena persona y empiezo a llenarme de motivos y  pensar en qu\u00e9 pasar\u00e1 el d\u00eda en que salga, c\u00f3mo va ser todo afuera, qui\u00e9n quiero ser, c\u00f3mo voy a ser\u00bb, se\u00f1al\u00f3 Rodr\u00edguez a Xinhua durante la visita.<\/span><\/p>\n<\/p>\n<p><span class=\"text1noticias\">   \u00abEs ir\u00f3nico, tuve que llegar a ese sitio (la c\u00e1rcel) para reconocerme como persona y darme cuenta qui\u00e9n soy dentro de la sociedad\u00bb, concluy\u00f3 el entrevistado.<\/span><\/p>\n<\/p>\n<p><span class=\"text1noticias\">   Adem\u00e1s del restaurante, que cuenta con un men\u00fa de alto gourtmet, los programas de Acci\u00f3n Interna han logrado posicionar a su agencia de publicidad, logrando que ex reclusos se encarguen de la promoci\u00f3n de importantes empresas locales y el establecimiento de la marca de ropa Libre, que ya cuenta con una colecci\u00f3n a la venta.<\/span><\/p>\n<\/p>\n<p><span class=\"text1noticias\">   Debido a la pandemia de COVID-19 la casa de Acci\u00f3n Interna ha reforzado sus capacitaciones de manera virtual para lograr que cada vez sean m\u00e1s las personas que, por diferentes motivos est\u00e1n privadas de la libertad, avizoren un horizonte lleno de nuevas oportunidades. <\/span><\/p>\n<h6> 2020-12-04 23:26:45 <\/h6>\n<p><!--\n<link rel=\"stylesheet\" href=\"css\/bootstrap.min.css\">\n\n\n<ul class=\"pagination\">\n\t    \n\t\n\n<li >\n\t<a href='?page_no=400'>Previous<\/a>\n\t<\/li>\n\n\n       \n    \n\n<li><a href='?page_no=1'>1<\/a><\/li>\n\n\n\n<li><a href='?page_no=2'>2<\/a><\/li>\n\n\n\n<li><a>...<\/a><\/li>\n\n\n\n<li><a href='?page_no=399'>399<\/a><\/li>\n\n\n\n<li><a href='?page_no=400'>400<\/a><\/li>\n\n\n\n<li class='active'><a>401<\/a><\/li>\n\n\n\n<li><a href='?page_no=402'>402<\/a><\/li>\n\n\n\n<li><a href='?page_no=403'>403<\/a><\/li>\n\n\n\n<li><a>...<\/a><\/li>\n\n\n\n<li><a href='?page_no=446'>446<\/a><\/li>\n\n\n\n<li><a href='?page_no=447'>447<\/a><\/li>\n\n    \n\t\n\n<li >\n\t<a href='?page_no=402'>Next<\/a>\n\t<\/li>\n\n\n    \n\n<li><a href='?page_no=447'>Last &rsaquo;&rsaquo;<\/a><\/li>\n\n<\/ul>\n\n\n--><br \/>\n<\/body><\/p>\n","protected":false},"excerpt":{"rendered":"<p>diariodominicano.com BOGOT\u00c1, 4 dic (Xinhua) &#8212; La fundaci\u00f3n Acci\u00f3n Interna, dedicada a la generaci\u00f3n de nuevas oportunidades para la poblaci\u00f3n carcelaria de Colombia, ha abierto un nuevo espacio para que aquellas personas que buscan reincorporarse laboralmente a la sociedad adquirieran conocimientos y desarrollen habilidades luego de purgar sus penas en centros penitenciarios. Una casona antigua [&hellip;]<\/p>\n","protected":false},"author":3,"featured_media":0,"comment_status":"open","ping_status":"open","sticky":false,"template":"","format":"standard","meta":{"footnotes":""},"categories":[23],"tags":[],"class_list":["post-261097","post","type-post","status-publish","format-standard","hentry","category-internacional"],"_links":{"self":[{"href":"https:\/\/diariodominicano.com\/index.php?rest_route=\/wp\/v2\/posts\/261097","targetHints":{"allow":["GET"]}}],"collection":[{"href":"https:\/\/diariodominicano.com\/index.php?rest_route=\/wp\/v2\/posts"}],"about":[{"href":"https:\/\/diariodominicano.com\/index.php?rest_route=\/wp\/v2\/types\/post"}],"author":[{"embeddable":true,"href":"https:\/\/diariodominicano.com\/index.php?rest_route=\/wp\/v2\/users\/3"}],"replies":[{"embeddable":true,"href":"https:\/\/diariodominicano.com\/index.php?rest_route=%2Fwp%2Fv2%2Fcomments&post=261097"}],"version-history":[{"count":0,"href":"https:\/\/diariodominicano.com\/index.php?rest_route=\/wp\/v2\/posts\/261097\/revisions"}],"wp:attachment":[{"href":"https:\/\/diariodominicano.com\/index.php?rest_route=%2Fwp%2Fv2%2Fmedia&parent=261097"}],"wp:term":[{"taxonomy":"category","embeddable":true,"href":"https:\/\/diariodominicano.com\/index.php?rest_route=%2Fwp%2Fv2%2Fcategories&post=261097"},{"taxonomy":"post_tag","embeddable":true,"href":"https:\/\/diariodominicano.com\/index.php?rest_route=%2Fwp%2Fv2%2Ftags&post=261097"}],"curies":[{"name":"wp","href":"https:\/\/api.w.org\/{rel}","templated":true}]}}