{"id":261096,"date":"2020-12-04T23:29:59","date_gmt":"2020-12-04T23:29:59","guid":{"rendered":"http:\/\/diariodominicano.ddns.net\/?p=261096"},"modified":"2020-12-04T23:29:59","modified_gmt":"2020-12-04T23:29:59","slug":"mexico-asume-presidencia-pro-tempore-2021-de-conferencia-regional-sobre-migracion","status":"publish","type":"post","link":"https:\/\/diariodominicano.com\/?p=261096","title":{"rendered":"M\u00e9xico asume presidencia pro tempore 2021 de Conferencia Regional sobre Migraci\u00f3n"},"content":{"rendered":"<p><body><\/p>\n<p><span class=\"text1noticias\"> diariodominicano.com<\/span><\/p>\n<\/p>\n<p><span class=\"text1noticias\">   MEXICO, 4 dic (Xinhua) &#8212; M\u00e9xico asumi\u00f3 hoy viernes la presidencia pro tempore 2021 de la Conferencia Regional sobre Migraci\u00f3n, mecanismo que agrupa a 11 pa\u00edses del continente americano, inform\u00f3 el gobierno mexicano.<\/span><\/p>\n<\/p>\n<p><span class=\"text1noticias\">   La Secretar\u00eda de Relaciones Exteriores y la Secretar\u00eda de Gobernaci\u00f3n (Interior) indicaron, en un comunicado conjunto, que M\u00e9xico asumi\u00f3 la presidencia rotatoria de la Conferencia Regional sobre Migraci\u00f3n durante la 25 Reuni\u00f3n Viceministerial del mecanismo.<\/span><\/p>\n<\/p>\n<p><span class=\"text1noticias\">   La secretaria (ministra) de Gobernaci\u00f3n, Olga S\u00e1nchez Cordero, invit\u00f3 a que los integrantes del mecanismo trabajen juntos para atender de manera integral y multilateral la migraci\u00f3n, al plantear que es un fen\u00f3meno relevante que requiere de respuestas oportunas.<\/span><\/p>\n<\/p>\n<p><span class=\"text1noticias\">   Los migrantes se exponen a riesgos en su viaje en busca de mejores oportunidades y a racismo en su destino, adem\u00e1s de que actualmente enfrentan los efectos econ\u00f3micos y sociales de la pandemia del nuevo coronavirus, plante\u00f3.<\/span><\/p>\n<\/p>\n<p><span class=\"text1noticias\">   \u00abEstoy segura que la cooperaci\u00f3n entre nuestros pa\u00edses nos permitir\u00e1 consolidar una regi\u00f3n fraterna y solidaria con las personas migrantes, sin ignorar la coyuntura que los obliga a actuar con mayor responsabilidad en cuanto a la firme aplicaci\u00f3n de nuestras leyes y la pol\u00edtica en la materia\u00bb, apunt\u00f3.<\/span><\/p>\n<\/p>\n<p><span class=\"text1noticias\">   Creada en 1996, la Conferencia Regional sobre Migraci\u00f3n es un foro de di\u00e1logo pol\u00edtico conformado por Belice, Canad\u00e1, Costa Rica, El Salvador, Estados Unidos, Guatemala, Honduras, Nicaragua, Panam\u00e1, Rep\u00fablica Dominicana y M\u00e9xico.<\/span><\/p>\n<\/p>\n<p><span class=\"text1noticias\">   Los representantes de los pa\u00edses del mecanismo, cuya presidencia pro tempore estuvo a cargo de Costa Rica en este 2020, aprobaron durante la reuni\u00f3n las acciones propuestas por M\u00e9xico, seg\u00fan las dependencias mexicanas.<\/span><\/p>\n<\/p>\n<p><span class=\"text1noticias\">   S\u00e1nchez record\u00f3 que en M\u00e9xico la migraci\u00f3n es un tema relevante y con una realidad compleja, pues el pa\u00eds tiene uno de los flujos migratorios m\u00e1s grandes del planeta.<\/span><\/p>\n<\/p>\n<p><span class=\"text1noticias\">   \u00abEn este contexto in\u00e9dito en la historia contempor\u00e1nea de la humanidad recibimos con honor esta presidencia, lo hacemos con el compromiso de promover la responsabilidad compartida en la regi\u00f3n y hacer valer los derechos humanos de todas las personas migrantes\u00bb, agreg\u00f3<\/span>.<\/p>\n<h6> 2020-12-04 23:29:59 <\/h6>\n<p><!--\n<link rel=\"stylesheet\" href=\"css\/bootstrap.min.css\">\n\n\n<ul class=\"pagination\">\n\t    \n\t\n\n<li >\n\t<a href='?page_no=399'>Previous<\/a>\n\t<\/li>\n\n\n       \n    \n\n<li><a href='?page_no=1'>1<\/a><\/li>\n\n\n\n<li><a href='?page_no=2'>2<\/a><\/li>\n\n\n\n<li><a>...<\/a><\/li>\n\n\n\n<li><a href='?page_no=398'>398<\/a><\/li>\n\n\n\n<li><a href='?page_no=399'>399<\/a><\/li>\n\n\n\n<li class='active'><a>400<\/a><\/li>\n\n\n\n<li><a href='?page_no=401'>401<\/a><\/li>\n\n\n\n<li><a href='?page_no=402'>402<\/a><\/li>\n\n\n\n<li><a>...<\/a><\/li>\n\n\n\n<li><a href='?page_no=446'>446<\/a><\/li>\n\n\n\n<li><a href='?page_no=447'>447<\/a><\/li>\n\n    \n\t\n\n<li >\n\t<a href='?page_no=401'>Next<\/a>\n\t<\/li>\n\n\n    \n\n<li><a href='?page_no=447'>Last &rsaquo;&rsaquo;<\/a><\/li>\n\n<\/ul>\n\n\n--><br \/>\n<\/body><\/p>\n","protected":false},"excerpt":{"rendered":"<p>diariodominicano.com MEXICO, 4 dic (Xinhua) &#8212; M\u00e9xico asumi\u00f3 hoy viernes la presidencia pro tempore 2021 de la Conferencia Regional sobre Migraci\u00f3n, mecanismo que agrupa a 11 pa\u00edses del continente americano, inform\u00f3 el gobierno mexicano. La Secretar\u00eda de Relaciones Exteriores y la Secretar\u00eda de Gobernaci\u00f3n (Interior) indicaron, en un comunicado conjunto, que M\u00e9xico asumi\u00f3 la presidencia [&hellip;]<\/p>\n","protected":false},"author":3,"featured_media":0,"comment_status":"open","ping_status":"open","sticky":false,"template":"","format":"standard","meta":{"footnotes":""},"categories":[23],"tags":[],"class_list":["post-261096","post","type-post","status-publish","format-standard","hentry","category-internacional"],"_links":{"self":[{"href":"https:\/\/diariodominicano.com\/index.php?rest_route=\/wp\/v2\/posts\/261096","targetHints":{"allow":["GET"]}}],"collection":[{"href":"https:\/\/diariodominicano.com\/index.php?rest_route=\/wp\/v2\/posts"}],"about":[{"href":"https:\/\/diariodominicano.com\/index.php?rest_route=\/wp\/v2\/types\/post"}],"author":[{"embeddable":true,"href":"https:\/\/diariodominicano.com\/index.php?rest_route=\/wp\/v2\/users\/3"}],"replies":[{"embeddable":true,"href":"https:\/\/diariodominicano.com\/index.php?rest_route=%2Fwp%2Fv2%2Fcomments&post=261096"}],"version-history":[{"count":0,"href":"https:\/\/diariodominicano.com\/index.php?rest_route=\/wp\/v2\/posts\/261096\/revisions"}],"wp:attachment":[{"href":"https:\/\/diariodominicano.com\/index.php?rest_route=%2Fwp%2Fv2%2Fmedia&parent=261096"}],"wp:term":[{"taxonomy":"category","embeddable":true,"href":"https:\/\/diariodominicano.com\/index.php?rest_route=%2Fwp%2Fv2%2Fcategories&post=261096"},{"taxonomy":"post_tag","embeddable":true,"href":"https:\/\/diariodominicano.com\/index.php?rest_route=%2Fwp%2Fv2%2Ftags&post=261096"}],"curies":[{"name":"wp","href":"https:\/\/api.w.org\/{rel}","templated":true}]}}