{"id":261093,"date":"2020-12-05T20:26:01","date_gmt":"2020-12-05T20:26:01","guid":{"rendered":"http:\/\/diariodominicano.ddns.net\/?p=261093"},"modified":"2020-12-05T20:26:01","modified_gmt":"2020-12-05T20:26:01","slug":"congresista-adriano-espaillat-destaca-cualidades-del-fenecido-ex-alcalde-david-n-dinkins","status":"publish","type":"post","link":"https:\/\/diariodominicano.com\/?p=261093","title":{"rendered":"Congresista Adriano Espaillat destaca cualidades del fenecido ex-alcalde David N. Dinkins"},"content":{"rendered":"<p><body><\/p>\n<p><img decoding=\"async\" src=\"http:\/\/localhost:8080\/img3\/adriano y dinkins.jpeg\" \/>  <\/p>\n<p><strong>Diariodominicano.com<\/strong><\/p>\n<p><strong>Congresista Adriano Espaillat destaca cualidades del fenecido ex-alcalde David N. Dinkins<\/strong><\/p>\n<p><strong>Por Freddy P. Galarza<\/strong><\/p>\n<p><strong>New York.- <\/strong>El congresista dominicano Adriano Espaillat destac\u00f3 ayer las cualidades humana y el legado dejado por el fallecido ex-alcalde de la ciudad de Nueva York, David N. Dinkins, ante el pleno de la C\u00e1mara de Representantes de Estados Unidos.<\/p>\n<\/p>\n<p>Reconoci\u00f3 que durante su mandato como servidor p\u00fablico Dinkins marc\u00f3 numerosos \u00e9xitos y logros reduciendo la tasa de criminalidad de la ciudad de Nueva York, aument\u00f3 el tama\u00f1o del departamemnto de polic\u00eda y adecent\u00f3 Times Square.<\/p>\n<\/p>\n<p>\u00bb El alcalde Dinkins, toc\u00f3 las vidas de todos los residentes de Nueva York y contin\u00faa sirviendo de inspiraci\u00f3n para cada uno de nosotros y siempre recordaremos su vida y legado y el camino que \u00e9l traz\u00f3 para cada uno de nosotros\u00bb, resalt\u00f3 el congresista .<\/p>\n<\/p>\n<p>Manifest\u00f3 que el alcalde David Dinkins, quien falleci\u00f3 el pasado mes de noviembre a los 93 a\u00f1os, siempre luch\u00f3 por los m\u00e1s necesitados y trajo un viento de cambio progresista y transformador a la ciudad de Nueva York y m\u00e1s all\u00e1 durante sus d\u00e9cadas de servicio p\u00fablico . \u00bb El barrio de Harlem perdi\u00f3 a uno de sus hijos nativos y la naci\u00f3n perdi\u00f3 un \u00edcono\u00bb.<\/p>\n<\/p>\n<p>El congresista por el distrito #17 de Nueva York, Adriano Espaillat, record\u00f3 que Dinkins, fue el primer y \u00fanico afroamericano en ocupar el cargo de alcalde de la ciudad \u00abrealizando cambios positivo, notable y duradero y su influencia a\u00fan contin\u00faa hoy\u00bb.<\/p>\n<\/p>\n<p>Precis\u00f3 que la dedicaci\u00f3n del ex-alcalde Dinkins, durante los ultimos 50 a\u00f1os, desde sus primeros d\u00edas en Harlem, hasta su tiempo en la asamblea del estado de nueva York, ha jugado un papel \u00bb tremendo en la configuraci\u00f3n de nuestra ciudad\u00bb.<\/p>\n<\/p>\n<p>freddy.galarza@yahoo.com<\/p>\n<h6> 2020-12-05 20:26:01 <\/h6>\n<p><!--\n<link rel=\"stylesheet\" href=\"css\/bootstrap.min.css\">\n\n\n<ul class=\"pagination\">\n\t    \n\t\n\n<li >\n\t<a href='?page_no=398'>Previous<\/a>\n\t<\/li>\n\n\n       \n    \n\n<li><a href='?page_no=1'>1<\/a><\/li>\n\n\n\n<li><a href='?page_no=2'>2<\/a><\/li>\n\n\n\n<li><a>...<\/a><\/li>\n\n\n\n<li><a href='?page_no=397'>397<\/a><\/li>\n\n\n\n<li><a href='?page_no=398'>398<\/a><\/li>\n\n\n\n<li class='active'><a>399<\/a><\/li>\n\n\n\n<li><a href='?page_no=400'>400<\/a><\/li>\n\n\n\n<li><a href='?page_no=401'>401<\/a><\/li>\n\n\n\n<li><a>...<\/a><\/li>\n\n\n\n<li><a href='?page_no=446'>446<\/a><\/li>\n\n\n\n<li><a href='?page_no=447'>447<\/a><\/li>\n\n    \n\t\n\n<li >\n\t<a href='?page_no=400'>Next<\/a>\n\t<\/li>\n\n\n    \n\n<li><a href='?page_no=447'>Last &rsaquo;&rsaquo;<\/a><\/li>\n\n<\/ul>\n\n\n--><br \/>\n<\/body><\/p>\n","protected":false},"excerpt":{"rendered":"<p>Diariodominicano.com Congresista Adriano Espaillat destaca cualidades del fenecido ex-alcalde David N. Dinkins Por Freddy P. Galarza New York.- El congresista dominicano Adriano Espaillat destac\u00f3 ayer las cualidades humana y el legado dejado por el fallecido ex-alcalde de la ciudad de Nueva York, David N. Dinkins, ante el pleno de la C\u00e1mara de Representantes de Estados [&hellip;]<\/p>\n","protected":false},"author":3,"featured_media":0,"comment_status":"open","ping_status":"open","sticky":false,"template":"","format":"standard","meta":{"footnotes":""},"categories":[23],"tags":[],"class_list":["post-261093","post","type-post","status-publish","format-standard","hentry","category-internacional"],"_links":{"self":[{"href":"https:\/\/diariodominicano.com\/index.php?rest_route=\/wp\/v2\/posts\/261093","targetHints":{"allow":["GET"]}}],"collection":[{"href":"https:\/\/diariodominicano.com\/index.php?rest_route=\/wp\/v2\/posts"}],"about":[{"href":"https:\/\/diariodominicano.com\/index.php?rest_route=\/wp\/v2\/types\/post"}],"author":[{"embeddable":true,"href":"https:\/\/diariodominicano.com\/index.php?rest_route=\/wp\/v2\/users\/3"}],"replies":[{"embeddable":true,"href":"https:\/\/diariodominicano.com\/index.php?rest_route=%2Fwp%2Fv2%2Fcomments&post=261093"}],"version-history":[{"count":0,"href":"https:\/\/diariodominicano.com\/index.php?rest_route=\/wp\/v2\/posts\/261093\/revisions"}],"wp:attachment":[{"href":"https:\/\/diariodominicano.com\/index.php?rest_route=%2Fwp%2Fv2%2Fmedia&parent=261093"}],"wp:term":[{"taxonomy":"category","embeddable":true,"href":"https:\/\/diariodominicano.com\/index.php?rest_route=%2Fwp%2Fv2%2Fcategories&post=261093"},{"taxonomy":"post_tag","embeddable":true,"href":"https:\/\/diariodominicano.com\/index.php?rest_route=%2Fwp%2Fv2%2Ftags&post=261093"}],"curies":[{"name":"wp","href":"https:\/\/api.w.org\/{rel}","templated":true}]}}