{"id":261090,"date":"2020-12-05T22:29:47","date_gmt":"2020-12-05T22:29:47","guid":{"rendered":"http:\/\/diariodominicano.ddns.net\/?p=261090"},"modified":"2020-12-05T22:29:47","modified_gmt":"2020-12-05T22:29:47","slug":"lideres-de-reino-unido-y-ue-senalan-que-conversaciones-comerciales-se-reanudaran-en-bruselas-en-medio-de-significativas-diferencias","status":"publish","type":"post","link":"https:\/\/diariodominicano.com\/?p=261090","title":{"rendered":"L\u00edderes de Reino Unido y UE se\u00f1alan que conversaciones comerciales se reanudar\u00e1n en Bruselas en medio de \u00absignificativas diferencias\u00bb"},"content":{"rendered":"<p><body><\/p>\n<p><img decoding=\"async\" src=\"http:\/\/localhost:8080\/img3\/Boris512-20.jpg\" \/>  <\/p>\n<p><span class=\"text1noticias\">diariodominicano.com<\/span><\/p>\n<\/p>\n<p><span class=\"text1noticias\">   LONDRES, 5 dic (Xinhua) &#8212; El primer ministro brit\u00e1nico, Boris Johnson, y la presidenta de la Comisi\u00f3n Europea, Ursula von der Leyen, dijeron hoy s\u00e1bado que las conversaciones comerciales se reanudar\u00e1n en Bruselas aun cuando \u00abquedan significativas diferencias\u00bb.<\/span><\/p>\n<\/p>\n<p><span class=\"text1noticias\">   Los dos l\u00edderes emitieron un comunicado despu\u00e9s de su conversaci\u00f3n telef\u00f3nica esta tarde mientras los jefes negociadores de ambas partes pausaron las negociaciones por importantes diferencias en algunos asuntos esenciales.<\/span><\/p>\n<\/p>\n<p><span class=\"text1noticias\">   \u00abEn una conversaci\u00f3n telef\u00f3nica hoy sobre las actuales negociaciones entre la Uni\u00f3n Europea (UE) y Reino Unido, dimos la bienvenida al hecho de que se logr\u00f3 progreso en muchas \u00e1reas. No obstante, quedan significativas diferencias sobre tres asuntos cr\u00edticos: nivelaci\u00f3n del campo de juego, gobernanza y pesca. <\/span><\/p>\n<\/p>\n<p><span class=\"text1noticias\">Ambas partes subrayaron que ning\u00fan acuerdo es viable si esos asuntos no se resuelven\u00bb, dijo el comunicado.<\/span><\/p>\n<\/p>\n<p><span class=\"text1noticias\">   \u00abMientras se reconoce la seriedad de esas diferencias, acordamos que se debe hacer un mayor esfuerzo de parte de nuestros equipos negociadores para evaluar si se pueden resolver\u00bb, se\u00f1al\u00f3.<\/span><\/p>\n<\/p>\n<p><span class=\"text1noticias\">   \u00abPor lo tanto estamos instruyendo a nuestros jefes negociadores a reunirse de nuevo ma\u00f1ana en Bruselas\u00bb, dijo el comunicado, a\u00f1adiendo que los dos l\u00edderes \u00abhablar\u00e1n de nuevo el lunes por la noche\u00bb.<\/span><\/p>\n<\/p>\n<p><span class=\"text1noticias\">   Las negociaciones comerciales est\u00e1n en una etapa crucial dado que el tiempo corre para que ambas partes aseguren un acuerdo antes de que expire el per\u00edodo de transici\u00f3n del \u00abbrexit\u00bb a finales del a\u00f1o.<\/span><\/p>\n<\/p>\n<p><span class=\"text1noticias\">   El fracaso para alcanzar un acuerdo de libre comercio con la UE significa que el comercio bilateral tendr\u00e1 que regirse por las normas de la Organizaci\u00f3n Mundial del Comercio (OMC) en 2021.<\/span><\/p>\n<h6> 2020-12-05 22:29:47 <\/h6>\n<p><!--\n<link rel=\"stylesheet\" href=\"css\/bootstrap.min.css\">\n\n\n<ul class=\"pagination\">\n\t    \n\t\n\n<li >\n\t<a href='?page_no=395'>Previous<\/a>\n\t<\/li>\n\n\n       \n    \n\n<li><a href='?page_no=1'>1<\/a><\/li>\n\n\n\n<li><a href='?page_no=2'>2<\/a><\/li>\n\n\n\n<li><a>...<\/a><\/li>\n\n\n\n<li><a href='?page_no=394'>394<\/a><\/li>\n\n\n\n<li><a href='?page_no=395'>395<\/a><\/li>\n\n\n\n<li class='active'><a>396<\/a><\/li>\n\n\n\n<li><a href='?page_no=397'>397<\/a><\/li>\n\n\n\n<li><a href='?page_no=398'>398<\/a><\/li>\n\n\n\n<li><a>...<\/a><\/li>\n\n\n\n<li><a href='?page_no=446'>446<\/a><\/li>\n\n\n\n<li><a href='?page_no=447'>447<\/a><\/li>\n\n    \n\t\n\n<li >\n\t<a href='?page_no=397'>Next<\/a>\n\t<\/li>\n\n\n    \n\n<li><a href='?page_no=447'>Last &rsaquo;&rsaquo;<\/a><\/li>\n\n<\/ul>\n\n\n--><br \/>\n<\/body><\/p>\n","protected":false},"excerpt":{"rendered":"<p>diariodominicano.com LONDRES, 5 dic (Xinhua) &#8212; El primer ministro brit\u00e1nico, Boris Johnson, y la presidenta de la Comisi\u00f3n Europea, Ursula von der Leyen, dijeron hoy s\u00e1bado que las conversaciones comerciales se reanudar\u00e1n en Bruselas aun cuando \u00abquedan significativas diferencias\u00bb. Los dos l\u00edderes emitieron un comunicado despu\u00e9s de su conversaci\u00f3n telef\u00f3nica esta tarde mientras los jefes [&hellip;]<\/p>\n","protected":false},"author":3,"featured_media":0,"comment_status":"open","ping_status":"open","sticky":false,"template":"","format":"standard","meta":{"footnotes":""},"categories":[23],"tags":[],"class_list":["post-261090","post","type-post","status-publish","format-standard","hentry","category-internacional"],"_links":{"self":[{"href":"https:\/\/diariodominicano.com\/index.php?rest_route=\/wp\/v2\/posts\/261090","targetHints":{"allow":["GET"]}}],"collection":[{"href":"https:\/\/diariodominicano.com\/index.php?rest_route=\/wp\/v2\/posts"}],"about":[{"href":"https:\/\/diariodominicano.com\/index.php?rest_route=\/wp\/v2\/types\/post"}],"author":[{"embeddable":true,"href":"https:\/\/diariodominicano.com\/index.php?rest_route=\/wp\/v2\/users\/3"}],"replies":[{"embeddable":true,"href":"https:\/\/diariodominicano.com\/index.php?rest_route=%2Fwp%2Fv2%2Fcomments&post=261090"}],"version-history":[{"count":0,"href":"https:\/\/diariodominicano.com\/index.php?rest_route=\/wp\/v2\/posts\/261090\/revisions"}],"wp:attachment":[{"href":"https:\/\/diariodominicano.com\/index.php?rest_route=%2Fwp%2Fv2%2Fmedia&parent=261090"}],"wp:term":[{"taxonomy":"category","embeddable":true,"href":"https:\/\/diariodominicano.com\/index.php?rest_route=%2Fwp%2Fv2%2Fcategories&post=261090"},{"taxonomy":"post_tag","embeddable":true,"href":"https:\/\/diariodominicano.com\/index.php?rest_route=%2Fwp%2Fv2%2Ftags&post=261090"}],"curies":[{"name":"wp","href":"https:\/\/api.w.org\/{rel}","templated":true}]}}