{"id":261088,"date":"2020-12-05T22:51:06","date_gmt":"2020-12-05T22:51:06","guid":{"rendered":"http:\/\/diariodominicano.ddns.net\/?p=261088"},"modified":"2020-12-05T22:51:06","modified_gmt":"2020-12-05T22:51:06","slug":"guaido-advierte-que-maduro-busca-aniquilar-la-oposicion","status":"publish","type":"post","link":"https:\/\/diariodominicano.com\/?p=261088","title":{"rendered":"Guaid\u00f3 advierte que Maduro busca aniquilar la oposici\u00f3n"},"content":{"rendered":"<p><body><\/p>\n<p><img decoding=\"async\" src=\"http:\/\/localhost:8080\/img3\/guaido00800.jpg\" \/>  <\/p>\n<p><strong>Guaid\u00f3 advierte que Maduro busca aniquilar la oposici\u00f3n<\/strong><\/p>\n<p><strong>Por JORGE RUEDA<\/strong><\/p>\n<p><strong> <\/strong><\/p>\n<p><strong>En esta foto del 12 de noviembre de 2020, el l\u00edder opositor Juan Guaid\u00f3 llega a la manifestaci\u00f3n de campa\u00f1a \u00abVenezuela alza la voz\u00bb en el barrio Terrazas del \u00c1vila de Caracas, Venezuela. La coalici\u00f3n de oposici\u00f3n liderada por Guaid\u00f3 est\u00e1 boicoteando la pr\u00f3xima votaci\u00f3n legislativa del 6 de diciembre. (Foto AP\/Mat\u00edas Delacroix)<\/strong><\/p>\n<p><strong>CARACAS (AP) <\/strong> El l\u00edder opositor y jefe de la Asamblea Nacional Juan Guaid\u00f3 exhort\u00f3 a la comunidad internacional y a los venezolanos a rechazar de manera contundente los comicios legislativos previstos para el domingo en Venezuela, se\u00f1alando que con ellos se busca aniquilar a la oposici\u00f3n.<\/p>\n<\/p>\n<p>\u00abNo le va a generar ning\u00fan tipo de reconocimiento ni legitimidad\u00bb al gobierno del presidente Nicol\u00e1s Maduro, dijo Guaid\u00f3 en una rueda de prensa el s\u00e1bado. \u00abNos estamos jugando en Venezuela la existencia de una alternativa democr\u00e1tica\u00bb.<\/p>\n<\/p>\n<p>Guaid\u00f3 y sus aliados decidieron boicotear las elecciones con el argumento de que no existen condiciones para unas elecciones libres y democr\u00e1ticas en la naci\u00f3n sudamericana.<\/p>\n<\/p>\n<p>ADVERTISEMENT<\/p>\n<\/p>\n<p>\u00abEl llamado hoy a la comunidad internacional\u00bb y a los venezolanos es a \u00abratificar el rechazo al fraude, el rechazo al intento de burlar una vez m\u00e1s la democracia en Venezuela\u00bb, subray\u00f3 el dirigente opositor, al tiempo en que exhort\u00f3 a los venezolanos a quedarse en casa el domingo.<\/p>\n<\/p>\n<p>Guaid\u00f3, invocando sus atribuciones como presidente de la Asamblea Nacional, se declar\u00f3 presidente interino en 2019 en desaf\u00edo a Maduro y fue reconocido por Estados Unidos y m\u00e1s de 60 pa\u00edses al considerar que Maduro gan\u00f3 la elecci\u00f3n mayo del 2018 de forma fraudulenta luego de inhabilitar a rivales m\u00e1s populares y a varios partidos opositores.<\/p>\n<\/p>\n<p>Pese a ese apoyo internacional y la impopularidad del gobernante, Guaid\u00f3 no ha podido poner fin al mandato de Maduro.<\/p>\n<\/p>\n<p>En el 2015, los adversarios de Maduro ganaron la Asamblea Nacional, alcanzado una mayor\u00eda que le fue esquiva durante 16 a\u00f1os de gobiernos socialistas de Maduro y su predecesor Hugo Ch\u00e1vez. Acto seguido, Maduro se dedic\u00f3 a minar al poder legislativo y a privarle de sus facultades utilizando para ello a otros poderes judiciales y electorales afines.<\/p>\n<\/p>\n<p>En junio, el Tribunal Supremo de Justicia suspendi\u00f3 las directivas de los partidos opositores Acci\u00f3n Democr\u00e1tica, Voluntad Popular y Primero Justicia y entreg\u00f3 la jefatura, activos y los s\u00edmbolos de esas fuerzas a disidentes, quienes contrariamente a la postura de sus l\u00edderes hist\u00f3ricos respaldaron la realizaci\u00f3n de la elecci\u00f3n de un nuevo Legislativo.<\/p>\n<\/p>\n<p>Los analistas coinciden en que la oposici\u00f3n, ahora dividida, se encamina a sufrir probablemente un aplastante rev\u00e9s.<\/p>\n<\/p>\n<p>Guaid\u00f3 asegur\u00f3 que se mantendr\u00e1 en el pa\u00eds, pese a considerar que \u00e9l y sus aliados enfrentar\u00edan una \u00abpeor persecuci\u00f3n\u00bb pol\u00edtica. Muchos dirigentes opositores han abandonado el pa\u00eds, particularmente en los \u00faltimos siete a\u00f1os.<\/p>\n<\/p>\n<p>\u00abMi situaci\u00f3n geogr\u00e1fica a partir del 5 de enero va a ser en Caracas\u00bb, asegur\u00f3 Guaid\u00f3, en referencia a la fecha establecida en la constituci\u00f3n para la instalaci\u00f3n de una nueva Asamblea Nacional. \u00abAsumo los riesgos\u00bb.<\/p>\n<h6> 2020-12-05 22:51:06 <\/h6>\n<p><!--\n<link rel=\"stylesheet\" href=\"css\/bootstrap.min.css\">\n\n\n<ul class=\"pagination\">\n\t    \n\t\n\n<li >\n\t<a href='?page_no=393'>Previous<\/a>\n\t<\/li>\n\n\n       \n    \n\n<li><a href='?page_no=1'>1<\/a><\/li>\n\n\n\n<li><a href='?page_no=2'>2<\/a><\/li>\n\n\n\n<li><a>...<\/a><\/li>\n\n\n\n<li><a href='?page_no=392'>392<\/a><\/li>\n\n\n\n<li><a href='?page_no=393'>393<\/a><\/li>\n\n\n\n<li class='active'><a>394<\/a><\/li>\n\n\n\n<li><a href='?page_no=395'>395<\/a><\/li>\n\n\n\n<li><a href='?page_no=396'>396<\/a><\/li>\n\n\n\n<li><a>...<\/a><\/li>\n\n\n\n<li><a href='?page_no=446'>446<\/a><\/li>\n\n\n\n<li><a href='?page_no=447'>447<\/a><\/li>\n\n    \n\t\n\n<li >\n\t<a href='?page_no=395'>Next<\/a>\n\t<\/li>\n\n\n    \n\n<li><a href='?page_no=447'>Last &rsaquo;&rsaquo;<\/a><\/li>\n\n<\/ul>\n\n\n--><br \/>\n<\/body><\/p>\n","protected":false},"excerpt":{"rendered":"<p>Guaid\u00f3 advierte que Maduro busca aniquilar la oposici\u00f3n Por JORGE RUEDA En esta foto del 12 de noviembre de 2020, el l\u00edder opositor Juan Guaid\u00f3 llega a la manifestaci\u00f3n de campa\u00f1a \u00abVenezuela alza la voz\u00bb en el barrio Terrazas del \u00c1vila de Caracas, Venezuela. La coalici\u00f3n de oposici\u00f3n liderada por Guaid\u00f3 est\u00e1 boicoteando la pr\u00f3xima [&hellip;]<\/p>\n","protected":false},"author":3,"featured_media":0,"comment_status":"open","ping_status":"open","sticky":false,"template":"","format":"standard","meta":{"footnotes":""},"categories":[23],"tags":[],"class_list":["post-261088","post","type-post","status-publish","format-standard","hentry","category-internacional"],"_links":{"self":[{"href":"https:\/\/diariodominicano.com\/index.php?rest_route=\/wp\/v2\/posts\/261088","targetHints":{"allow":["GET"]}}],"collection":[{"href":"https:\/\/diariodominicano.com\/index.php?rest_route=\/wp\/v2\/posts"}],"about":[{"href":"https:\/\/diariodominicano.com\/index.php?rest_route=\/wp\/v2\/types\/post"}],"author":[{"embeddable":true,"href":"https:\/\/diariodominicano.com\/index.php?rest_route=\/wp\/v2\/users\/3"}],"replies":[{"embeddable":true,"href":"https:\/\/diariodominicano.com\/index.php?rest_route=%2Fwp%2Fv2%2Fcomments&post=261088"}],"version-history":[{"count":0,"href":"https:\/\/diariodominicano.com\/index.php?rest_route=\/wp\/v2\/posts\/261088\/revisions"}],"wp:attachment":[{"href":"https:\/\/diariodominicano.com\/index.php?rest_route=%2Fwp%2Fv2%2Fmedia&parent=261088"}],"wp:term":[{"taxonomy":"category","embeddable":true,"href":"https:\/\/diariodominicano.com\/index.php?rest_route=%2Fwp%2Fv2%2Fcategories&post=261088"},{"taxonomy":"post_tag","embeddable":true,"href":"https:\/\/diariodominicano.com\/index.php?rest_route=%2Fwp%2Fv2%2Ftags&post=261088"}],"curies":[{"name":"wp","href":"https:\/\/api.w.org\/{rel}","templated":true}]}}