{"id":261087,"date":"2020-12-05T23:06:31","date_gmt":"2020-12-05T23:06:31","guid":{"rendered":"http:\/\/diariodominicano.ddns.net\/?p=261087"},"modified":"2020-12-05T23:06:31","modified_gmt":"2020-12-05T23:06:31","slug":"presidente-colombiano-confirma-captura-de-importante-lider-del-eln","status":"publish","type":"post","link":"https:\/\/diariodominicano.com\/?p=261087","title":{"rendered":"Presidente colombiano confirma captura de importante l\u00edder del ELN"},"content":{"rendered":"<p><body><\/p>\n<p><img decoding=\"async\" src=\"http:\/\/localhost:8080\/img3\/ENL-Colombia5-12-20.jpg\" \/>  <\/p>\n<p> diariodominicano.com<\/p>\n<\/p>\n<p><span class=\"text1noticias\">   BOGOT\u00c1, 5 dic (Xinhua) &#8212; El presidente colombiano, Iv\u00e1n Duque, confirm\u00f3 en la noche de hoy que fue capturado durante un operativo de las autoridades alias \u00abEl Coste\u00f1o\u00bb, presunto l\u00edder de la guerrilla del Ejercito de Liberaci\u00f3n Nacional (ELN), que opera en el sur del departamento de C\u00f3rdoba (norte).<\/span><\/p>\n<\/p>\n<p><span class=\"text1noticias\">   \u00abEsta captura ocurre en otra operaci\u00f3n contundente, permanente y en defensa de los colombianos frente a esa estructura criminal, y no vamos a dejar de actuar cuantas veces sea necesario para proteger la vida, honra y bienes de los colombianos\u00bb, dijo el mandatario durante un acto p\u00fablico realizado en la ciudad de C\u00facuta (noreste).<\/span><\/p>\n<\/p>\n<p><span class=\"text1noticias\">   Duque calific\u00f3 la captura como un \u00abgolpe fuerte\u00bb a esa guerrilla, que est\u00e1 dedicada a actividades ilegales y especialmente al narcotr\u00e1fico.<\/span><\/p>\n<\/p>\n<p><span class=\"text1noticias\">   A su turno, el general Marcos Pinto, comandante de la Segunda Divisi\u00f3n del Ej\u00e9rcito, declar\u00f3 que el rebelde fue capturado durante un combate y qued\u00f3 herido durante el operativo.<\/span><\/p>\n<\/p>\n<p><span class=\"text1noticias\">   En en marco de ese operativo fueron capturados otros cuatro insurgentes y un menor de edad, que hac\u00eda parte de las filas rebeldes, fue liberado por las autoridades.<\/span><\/p>\n<\/p>\n<p><span class=\"text1noticias\">   El gobierno del presidente Duque rompi\u00f3 los contactos de paz con esa guerrilla, luego de que el ELN deton\u00f3 en enero del a\u00f1o pasado un coche bomba en una academia policial en Bogot\u00e1, donde murieron 22 cadetes<\/span>. <\/p>\n<h6> 2020-12-05 23:06:31 <\/h6>\n<p><!--\n<link rel=\"stylesheet\" href=\"css\/bootstrap.min.css\">\n\n\n<ul class=\"pagination\">\n\t    \n\t\n\n<li >\n\t<a href='?page_no=392'>Previous<\/a>\n\t<\/li>\n\n\n       \n    \n\n<li><a href='?page_no=1'>1<\/a><\/li>\n\n\n\n<li><a href='?page_no=2'>2<\/a><\/li>\n\n\n\n<li><a>...<\/a><\/li>\n\n\n\n<li><a href='?page_no=391'>391<\/a><\/li>\n\n\n\n<li><a href='?page_no=392'>392<\/a><\/li>\n\n\n\n<li class='active'><a>393<\/a><\/li>\n\n\n\n<li><a href='?page_no=394'>394<\/a><\/li>\n\n\n\n<li><a href='?page_no=395'>395<\/a><\/li>\n\n\n\n<li><a>...<\/a><\/li>\n\n\n\n<li><a href='?page_no=446'>446<\/a><\/li>\n\n\n\n<li><a href='?page_no=447'>447<\/a><\/li>\n\n    \n\t\n\n<li >\n\t<a href='?page_no=394'>Next<\/a>\n\t<\/li>\n\n\n    \n\n<li><a href='?page_no=447'>Last &rsaquo;&rsaquo;<\/a><\/li>\n\n<\/ul>\n\n\n--><br \/>\n<\/body><\/p>\n","protected":false},"excerpt":{"rendered":"<p>diariodominicano.com BOGOT\u00c1, 5 dic (Xinhua) &#8212; El presidente colombiano, Iv\u00e1n Duque, confirm\u00f3 en la noche de hoy que fue capturado durante un operativo de las autoridades alias \u00abEl Coste\u00f1o\u00bb, presunto l\u00edder de la guerrilla del Ejercito de Liberaci\u00f3n Nacional (ELN), que opera en el sur del departamento de C\u00f3rdoba (norte). \u00abEsta captura ocurre en otra [&hellip;]<\/p>\n","protected":false},"author":3,"featured_media":0,"comment_status":"open","ping_status":"open","sticky":false,"template":"","format":"standard","meta":{"footnotes":""},"categories":[23],"tags":[],"class_list":["post-261087","post","type-post","status-publish","format-standard","hentry","category-internacional"],"_links":{"self":[{"href":"https:\/\/diariodominicano.com\/index.php?rest_route=\/wp\/v2\/posts\/261087","targetHints":{"allow":["GET"]}}],"collection":[{"href":"https:\/\/diariodominicano.com\/index.php?rest_route=\/wp\/v2\/posts"}],"about":[{"href":"https:\/\/diariodominicano.com\/index.php?rest_route=\/wp\/v2\/types\/post"}],"author":[{"embeddable":true,"href":"https:\/\/diariodominicano.com\/index.php?rest_route=\/wp\/v2\/users\/3"}],"replies":[{"embeddable":true,"href":"https:\/\/diariodominicano.com\/index.php?rest_route=%2Fwp%2Fv2%2Fcomments&post=261087"}],"version-history":[{"count":0,"href":"https:\/\/diariodominicano.com\/index.php?rest_route=\/wp\/v2\/posts\/261087\/revisions"}],"wp:attachment":[{"href":"https:\/\/diariodominicano.com\/index.php?rest_route=%2Fwp%2Fv2%2Fmedia&parent=261087"}],"wp:term":[{"taxonomy":"category","embeddable":true,"href":"https:\/\/diariodominicano.com\/index.php?rest_route=%2Fwp%2Fv2%2Fcategories&post=261087"},{"taxonomy":"post_tag","embeddable":true,"href":"https:\/\/diariodominicano.com\/index.php?rest_route=%2Fwp%2Fv2%2Ftags&post=261087"}],"curies":[{"name":"wp","href":"https:\/\/api.w.org\/{rel}","templated":true}]}}