{"id":261086,"date":"2020-12-05T23:22:59","date_gmt":"2020-12-05T23:22:59","guid":{"rendered":"http:\/\/diariodominicano.ddns.net\/?p=261086"},"modified":"2020-12-05T23:22:59","modified_gmt":"2020-12-05T23:22:59","slug":"encuentran-a-2-mineros-fallecidos-por-derrumbe-en-nicaragua","status":"publish","type":"post","link":"https:\/\/diariodominicano.com\/?p=261086","title":{"rendered":"Encuentran a 2 mineros fallecidos por derrumbe en Nicaragua"},"content":{"rendered":"<p><body><\/p>\n<p><strong>Encuentran a 2 mineros fallecidos por derrumbe en Nicaragua<\/strong><\/p>\n<p><strong>Associated Press<\/strong><\/p>\n<p><strong>MANAGUA (AP)<\/strong> Rescatistas nicarag\u00fcenses recuperaron los cuerpos de dos mineros artesanales que hab\u00edan quedado soterrados tras el derrumbe en una mina de oro en el sur del pa\u00eds, donde al menos otras 10 personas contin\u00faan desaparecidas, informaron el s\u00e1bado las autoridades de la zona.<\/p>\n<\/p>\n<p>Johnny Guti\u00e9rrez, alcalde del departamento de R\u00edo San Juan, a unos 215 kil\u00f3metros al sur de Managua, dijo que el cuerpo sin vida de Jos\u00e9 Santos Herrera Olivas, de 20 a\u00f1os de edad, fue encontrado en horas de esta ma\u00f1ana bajo los escombros de la mina, situada en la comarca La Esperanza n\u00famero 2.<\/p>\n<\/p>\n<p>Antes de la medianoche del viernes los rescatistas hab\u00edan hallado muerto a otro minero, identificado como Israel Sequeira L\u00f3pez, de 28 a\u00f1os, seg\u00fan precis\u00f3 el funcionario a medios oficiales.<\/p>\n<\/p>\n<p>ADVERTISEMENT<\/p>\n<p>Guti\u00e9rrez dijo que brigadas de rescate del Ej\u00e9rcito, los Bomberos, la Polic\u00eda y comunitarios continuaban trabajando en la b\u00fasqueda de sobrevivientes o fallecidos a causa del derrumbe, que ocurri\u00f3 la ma\u00f1ana del viernes.<\/p>\n<\/p>\n<p>Sin embargo, en horas de la noche del s\u00e1bado, el estatal Sistema Nacional de Atenci\u00f3n de Desastres (Sinapred) anunci\u00f3 en un comunicado la suspensi\u00f3n de las labores de b\u00fasqueda y rescate de los mineros soterrados, despu\u00e9s de m\u00e1s de 17 horas de trabajos.<\/p>\n<\/p>\n<p>\u00abTodas las instituciones involucradas consideran que, a pesar de las labores de salvamento y rescate, no se han encontrado otras v\u00edctimas fatales. Todas las autoridades, especialistas y brigadas, han cumplido con el compromiso de este gobierno cristiano y solidario\u00bb, indic\u00f3 el informe de prensa.<\/p>\n<\/p>\n<p>La entidad se deslig\u00f3 de futuras acciones sobre el caso y anunci\u00f3 que a partir de ahora \u00abcorresponder\u00e1 al Ministerio de Energ\u00eda y Minas, a la Polic\u00eda Nacional, continuar las investigaciones necesarias sobre este tr\u00e1gico accidente\u00bb.<\/p>\n<\/p>\n<p>Los mineros artesanales, a los que se les conoce como \u00abg\u00fciriseros\u00bb, se hab\u00edan introducido en la mina y hab\u00edan avanzado por el t\u00fanel cuando se produjo el alud, de acuerdo con relatos de testigos, que cifran entre 10 y 15 las personas atrapadas por el derrumbe. Hasta ahora s\u00f3lo se reporta un sobreviviente, identificado como Melvin Carmona.<\/p>\n<\/p>\n<p>En Nicaragua unas 5.000 personas laboran en empresas mineras industriales, en su mayor\u00eda extranjeras, mientras que cerca de 3.000 son \u00abg\u00fciriseros\u00bb, como se conoce a los campesinos que extraen minerales de forma artesanal, en yacimientos generalmente peque\u00f1os y en desuso.<\/p>\n<\/p>\n<p>ADVERTISEMENT<\/p>\n<h6> 2020-12-05 23:22:59 <\/h6>\n<p><!--\n<link rel=\"stylesheet\" href=\"css\/bootstrap.min.css\">\n\n\n<ul class=\"pagination\">\n\t    \n\t\n\n<li >\n\t<a href='?page_no=391'>Previous<\/a>\n\t<\/li>\n\n\n       \n    \n\n<li><a href='?page_no=1'>1<\/a><\/li>\n\n\n\n<li><a href='?page_no=2'>2<\/a><\/li>\n\n\n\n<li><a>...<\/a><\/li>\n\n\n\n<li><a href='?page_no=390'>390<\/a><\/li>\n\n\n\n<li><a href='?page_no=391'>391<\/a><\/li>\n\n\n\n<li class='active'><a>392<\/a><\/li>\n\n\n\n<li><a href='?page_no=393'>393<\/a><\/li>\n\n\n\n<li><a href='?page_no=394'>394<\/a><\/li>\n\n\n\n<li><a>...<\/a><\/li>\n\n\n\n<li><a href='?page_no=446'>446<\/a><\/li>\n\n\n\n<li><a href='?page_no=447'>447<\/a><\/li>\n\n    \n\t\n\n<li >\n\t<a href='?page_no=393'>Next<\/a>\n\t<\/li>\n\n\n    \n\n<li><a href='?page_no=447'>Last &rsaquo;&rsaquo;<\/a><\/li>\n\n<\/ul>\n\n\n--><br \/>\n<\/body><\/p>\n","protected":false},"excerpt":{"rendered":"<p>Encuentran a 2 mineros fallecidos por derrumbe en Nicaragua Associated Press MANAGUA (AP) Rescatistas nicarag\u00fcenses recuperaron los cuerpos de dos mineros artesanales que hab\u00edan quedado soterrados tras el derrumbe en una mina de oro en el sur del pa\u00eds, donde al menos otras 10 personas contin\u00faan desaparecidas, informaron el s\u00e1bado las autoridades de la zona. [&hellip;]<\/p>\n","protected":false},"author":3,"featured_media":0,"comment_status":"open","ping_status":"open","sticky":false,"template":"","format":"standard","meta":{"footnotes":""},"categories":[23],"tags":[],"class_list":["post-261086","post","type-post","status-publish","format-standard","hentry","category-internacional"],"_links":{"self":[{"href":"https:\/\/diariodominicano.com\/index.php?rest_route=\/wp\/v2\/posts\/261086","targetHints":{"allow":["GET"]}}],"collection":[{"href":"https:\/\/diariodominicano.com\/index.php?rest_route=\/wp\/v2\/posts"}],"about":[{"href":"https:\/\/diariodominicano.com\/index.php?rest_route=\/wp\/v2\/types\/post"}],"author":[{"embeddable":true,"href":"https:\/\/diariodominicano.com\/index.php?rest_route=\/wp\/v2\/users\/3"}],"replies":[{"embeddable":true,"href":"https:\/\/diariodominicano.com\/index.php?rest_route=%2Fwp%2Fv2%2Fcomments&post=261086"}],"version-history":[{"count":0,"href":"https:\/\/diariodominicano.com\/index.php?rest_route=\/wp\/v2\/posts\/261086\/revisions"}],"wp:attachment":[{"href":"https:\/\/diariodominicano.com\/index.php?rest_route=%2Fwp%2Fv2%2Fmedia&parent=261086"}],"wp:term":[{"taxonomy":"category","embeddable":true,"href":"https:\/\/diariodominicano.com\/index.php?rest_route=%2Fwp%2Fv2%2Fcategories&post=261086"},{"taxonomy":"post_tag","embeddable":true,"href":"https:\/\/diariodominicano.com\/index.php?rest_route=%2Fwp%2Fv2%2Ftags&post=261086"}],"curies":[{"name":"wp","href":"https:\/\/api.w.org\/{rel}","templated":true}]}}