{"id":261084,"date":"2020-12-06T11:00:01","date_gmt":"2020-12-06T11:00:01","guid":{"rendered":"http:\/\/diariodominicano.ddns.net\/?p=261084"},"modified":"2020-12-06T11:00:01","modified_gmt":"2020-12-06T11:00:01","slug":"dirigentes-politicos-uruguayos-lamentan-muerte-de-ex-presidente-tabare-vazquez","status":"publish","type":"post","link":"https:\/\/diariodominicano.com\/?p=261084","title":{"rendered":"Dirigentes pol\u00edticos uruguayos lamentan muerte de ex presidente Tabar\u00e9 V\u00e1zquez"},"content":{"rendered":"<p><body><\/p>\n<p><img decoding=\"async\" src=\"http:\/\/localhost:8080\/img3\/tavarevasquez6-12-20.jpg\" \/>  <\/p>\n<p><span class=\"text1noticias\">diariodominicano.com<\/span><\/p>\n<p><span class=\"text1noticias\">   MONTEVIDEO, 6 dic (Xinhua) &#8212; Dirigentes pol\u00edticos de Uruguay expresaron hoy su pesar por el fallecimiento del ex presidente Tabar\u00e9 V\u00e1zquez, quien muri\u00f3 este domingo a los 80 a\u00f1os de edad a ra\u00edz de un c\u00e1ncer de pulm\u00f3n detectado en agosto de 2019.<\/span><\/p>\n<p><span class=\"text1noticias\"> <\/span><\/p>\n<p><span class=\"text1noticias\">   \u00abLamento la triste noticia del fallecimiento del Dr. Tabar\u00e9 V\u00e1zquez. Fue un hombre de Estado, Dem\u00f3crata y Republicano\u00bb, escribi\u00f3 en Twitter la vicepresidenta de la Rep\u00fablica, Beatriz Argim\u00f3n, segunda del gobierno del presidente Luis Lacalle Pou, del Partido Nacional (PN).<\/span><\/p>\n<p><span class=\"text1noticias\"> <\/span><\/p>\n<p><span class=\"text1noticias\">   \u00abEl pueblo le confiri\u00f3 el gran honor de ser su Presidente en dos instancias. Tuve la oportunidad de conocerlo trabajando por el Pa\u00eds y s\u00e9 de su real compromiso. QEPD\u00bb, resalt\u00f3 Argim\u00f3n.<\/span><\/p>\n<p><span class=\"text1noticias\"> <\/span><\/p>\n<p><span class=\"text1noticias\">   En tanto, el secretario de la Presidencia de la Rep\u00fablica, \u00c1lvaro Delgado, manifest\u00f3 su \u00abrespeto institucional y personal a un l\u00edder y gobernante que hizo historia, cuidando siempre los valores de la democracia\u00bb.<\/span><\/p>\n<p><span class=\"text1noticias\"> <\/span><\/p>\n<p><span class=\"text1noticias\">   El ministro del Interior, Jorge Larra\u00f1aga, tambi\u00e9n lament\u00f3 la muerte de V\u00e1zquez, quien \u00abfiel a sus convicciones luch\u00f3 por un mejor pa\u00eds\u00bb, y se\u00f1al\u00f3 que la naci\u00f3n est\u00e1 de \u00abluto\u00bb.<\/span><\/p>\n<p><span class=\"text1noticias\"> <\/span><\/p>\n<p><span class=\"text1noticias\">   Para el ministro de Ambiente, Adri\u00e1n Pe\u00f1a, del Partido Colorado (PC), que integra la coalici\u00f3n de gobierno, \u00abV\u00e1zquez honr\u00f3 desde sus gobiernos a la Rep\u00fablica\u00bb, y record\u00f3 que como \u00abhijo de una familia obrera se destac\u00f3 como profesional llegando al m\u00e1ximo honor para un ciudadano\u00bb.<\/span><\/p>\n<p><span class=\"text1noticias\"> <\/span><\/p>\n<p><span class=\"text1noticias\">   Guido Manini R\u00edos, senador y l\u00edder de Cabildo Abierto, el otro partido que integra la coalici\u00f3n de gobierno junto al PN y el PC, subray\u00f3 que \u00abadem\u00e1s de haber sido el l\u00edder de una coalici\u00f3n que aglutina a casi la mitad de los uruguayos, el Dr. V\u00e1zquez fue uno de los referentes de la vida pol\u00edtica nacional en los \u00faltimos 30 a\u00f1os\u00bb.<\/span><\/p>\n<p><span class=\"text1noticias\"> <\/span><\/p>\n<p><span class=\"text1noticias\">   El Frente Amplio (FA) se\u00f1al\u00f3 en un comunicado que su presidente de honor, Tabar\u00e9 V\u00e1zquez, es un \u00abejemplo de integridad pol\u00edtica y compromiso inquebrantable con nuestro pa\u00eds y la gente\u00bb, y \u00abnos impulsar\u00e1 a continuar su legado\u00bb.<\/span><\/p>\n<p><span class=\"text1noticias\"> <\/span><\/p>\n<p><span class=\"text1noticias\">   \u00abA Tabar\u00e9 nuestro agradecimiento eterno, a su familia nuestro afecto y  solidaridad, a las y los frenteamplistas nuestro compa\u00f1erismo, y a todas y todos nuestro apretado abrazo\u00bb, sostuvo el FA.<\/span><\/p>\n<p><span class=\"text1noticias\"> <\/span><\/p>\n<p><span class=\"text1noticias\">   La intendenta de Montevideo, Carolina Cosse, del FA, escribi\u00f3 que el ex mandatario \u00absiempre estar\u00e1 con nosotros. Siempre\u00bb.<\/span><\/p>\n<p><span class=\"text1noticias\"> <\/span><\/p>\n<p><span class=\"text1noticias\">   M\u00e1s temprano, el presidente Lacalle Pou resalt\u00f3 en Twitter que V\u00e1zquez \u00absirvi\u00f3 a su pa\u00eds y en base al esfuerzo obtuvo logros importantes\u00bb, y \u00abel pa\u00eds est\u00e1 de duelo\u00bb.<\/span><\/p>\n<p><span class=\"text1noticias\"> <\/span><\/p>\n<p><span class=\"text1noticias\">   V\u00e1zquez fue el primer presidente de izquierda del pa\u00eds gobernando para el FA en dos periodos (2005-2010 y 2015-2020).<\/span><\/p>\n<h6> 2020-12-06 11:00:01 <\/h6>\n<p><!--\n<link rel=\"stylesheet\" href=\"css\/bootstrap.min.css\">\n\n\n<ul class=\"pagination\">\n\t    \n\t\n\n<li >\n\t<a href='?page_no=389'>Previous<\/a>\n\t<\/li>\n\n\n       \n    \n\n<li><a href='?page_no=1'>1<\/a><\/li>\n\n\n\n<li><a href='?page_no=2'>2<\/a><\/li>\n\n\n\n<li><a>...<\/a><\/li>\n\n\n\n<li><a href='?page_no=388'>388<\/a><\/li>\n\n\n\n<li><a href='?page_no=389'>389<\/a><\/li>\n\n\n\n<li class='active'><a>390<\/a><\/li>\n\n\n\n<li><a href='?page_no=391'>391<\/a><\/li>\n\n\n\n<li><a href='?page_no=392'>392<\/a><\/li>\n\n\n\n<li><a>...<\/a><\/li>\n\n\n\n<li><a href='?page_no=446'>446<\/a><\/li>\n\n\n\n<li><a href='?page_no=447'>447<\/a><\/li>\n\n    \n\t\n\n<li >\n\t<a href='?page_no=391'>Next<\/a>\n\t<\/li>\n\n\n    \n\n<li><a href='?page_no=447'>Last &rsaquo;&rsaquo;<\/a><\/li>\n\n<\/ul>\n\n\n--><br \/>\n<\/body><\/p>\n","protected":false},"excerpt":{"rendered":"<p>diariodominicano.com MONTEVIDEO, 6 dic (Xinhua) &#8212; Dirigentes pol\u00edticos de Uruguay expresaron hoy su pesar por el fallecimiento del ex presidente Tabar\u00e9 V\u00e1zquez, quien muri\u00f3 este domingo a los 80 a\u00f1os de edad a ra\u00edz de un c\u00e1ncer de pulm\u00f3n detectado en agosto de 2019. \u00abLamento la triste noticia del fallecimiento del Dr. Tabar\u00e9 V\u00e1zquez. Fue [&hellip;]<\/p>\n","protected":false},"author":3,"featured_media":0,"comment_status":"open","ping_status":"open","sticky":false,"template":"","format":"standard","meta":{"footnotes":""},"categories":[23],"tags":[],"class_list":["post-261084","post","type-post","status-publish","format-standard","hentry","category-internacional"],"_links":{"self":[{"href":"https:\/\/diariodominicano.com\/index.php?rest_route=\/wp\/v2\/posts\/261084","targetHints":{"allow":["GET"]}}],"collection":[{"href":"https:\/\/diariodominicano.com\/index.php?rest_route=\/wp\/v2\/posts"}],"about":[{"href":"https:\/\/diariodominicano.com\/index.php?rest_route=\/wp\/v2\/types\/post"}],"author":[{"embeddable":true,"href":"https:\/\/diariodominicano.com\/index.php?rest_route=\/wp\/v2\/users\/3"}],"replies":[{"embeddable":true,"href":"https:\/\/diariodominicano.com\/index.php?rest_route=%2Fwp%2Fv2%2Fcomments&post=261084"}],"version-history":[{"count":0,"href":"https:\/\/diariodominicano.com\/index.php?rest_route=\/wp\/v2\/posts\/261084\/revisions"}],"wp:attachment":[{"href":"https:\/\/diariodominicano.com\/index.php?rest_route=%2Fwp%2Fv2%2Fmedia&parent=261084"}],"wp:term":[{"taxonomy":"category","embeddable":true,"href":"https:\/\/diariodominicano.com\/index.php?rest_route=%2Fwp%2Fv2%2Fcategories&post=261084"},{"taxonomy":"post_tag","embeddable":true,"href":"https:\/\/diariodominicano.com\/index.php?rest_route=%2Fwp%2Fv2%2Ftags&post=261084"}],"curies":[{"name":"wp","href":"https:\/\/api.w.org\/{rel}","templated":true}]}}