{"id":261082,"date":"2020-12-06T11:10:52","date_gmt":"2020-12-06T11:10:52","guid":{"rendered":"http:\/\/diariodominicano.ddns.net\/?p=261082"},"modified":"2020-12-06T11:10:52","modified_gmt":"2020-12-06T11:10:52","slug":"muere-expresidente-uruguayo-tabare-vazquez","status":"publish","type":"post","link":"https:\/\/diariodominicano.com\/?p=261082","title":{"rendered":"Muere expresidente uruguayo Tabar\u00e9 V\u00e1zquez"},"content":{"rendered":"<p><body><\/p>\n<p><span class=\"text1noticias\">diariodominicano.com<\/span><\/p>\n<p><span class=\"text1noticias\"> <\/span><\/p>\n<p><span class=\"text1noticias\">MONTEVIDEO, 6 dic (Xinhua) &#8212; El expresidente uruguayo Tabar\u00e9 V\u00e1zquez muri\u00f3 hoy a los 80 a\u00f1os de edad a ra\u00edz de un c\u00e1ncer de pulm\u00f3n detectado en agosto de 2019 y a ocho meses de haber finalizado su segundo mandato presidencial, confirm\u00f3 hoy su familia.<\/span><\/p>\n<p><span class=\"text1noticias\"> <\/span><\/p>\n<p><span class=\"text1noticias\">\u00abHoy, a la hora 3.00 (hora local), mientras descansaba en su hogar, acompa\u00f1ado de algunos familiares y amigos, por causa de su enfermedad, falleci\u00f3 Tabar\u00e9\u00bb, escribi\u00f3 a primera hora de la ma\u00f1ana en Twitter su hijo, \u00c1lvaro V\u00e1zquez.<\/span><\/p>\n<p><span class=\"text1noticias\"> <\/span><\/p>\n<p><span class=\"text1noticias\">\u00abEn nombre de la familia, queremos agradecer a todos los uruguayos el cari\u00f1o recibido por \u00e9l a lo largo de tantos a\u00f1os\u00bb, agreg\u00f3 \u00c1lvaro, m\u00e9dico onc\u00f3logo y quien ofici\u00f3 los \u00faltimos d\u00edas de vocero de la familia.<\/span><\/p>\n<p><span class=\"text1noticias\"> <\/span><\/p>\n<p><span class=\"text1noticias\">V\u00e1zquez fue el primer presidente de izquierda del pa\u00eds, en representaci\u00f3n del Frente Amplio (FA), cargo que ocup\u00f3 entre 2005 y 2010 y que luego desempe\u00f1\u00f3 por otro periodo entre 2015 y 2020, hasta el 1 de marzo pasado.<\/span><\/p>\n<p><span class=\"text1noticias\"> <\/span><\/p>\n<p><span class=\"text1noticias\">En agosto del a\u00f1o pasado, a pocos meses de culminar su segundo mandato, inici\u00f3 un tratamiento de radiocirug\u00eda por un tumor maligno en su pulm\u00f3n derecho.<\/span><\/p>\n<p><span class=\"text1noticias\"> <\/span><\/p>\n<p><span class=\"text1noticias\">Desde que cedi\u00f3 el poder al actual presidente Luis Lacalle Pou (Partido Nacional), V\u00e1zquez tuvo pocas apariciones p\u00fablicas, incluyendo a fines de mayo una reuni\u00f3n en su domicilio con Lacalle Pou para abordar la crisis generada por la pandemia de COVID-19.<\/span><\/p>\n<p><span class=\"text1noticias\"> <\/span><\/p>\n<p><span class=\"text1noticias\">El exmandatario, onc\u00f3logo de profesi\u00f3n, realiz\u00f3 varias videoconferencias con militantes del FA en las que defendi\u00f3 la gesti\u00f3n de la izquierda en sus 15 a\u00f1os de gobierno, etapa que tambi\u00e9n incluy\u00f3 un mandato presidencial de Jos\u00e9 Mujica (2010-2015).<\/span><\/p>\n<p><span class=\"text1noticias\"> <\/span><\/p>\n<p><span class=\"text1noticias\">En junio hab\u00eda sido intervenido con \u00e9xito por una hipertrofia prost\u00e1tica benigna, ajena al c\u00e1ncer de pulm\u00f3n.<\/span><\/p>\n<p><span class=\"text1noticias\"> <\/span><\/p>\n<p><span class=\"text1noticias\">Antes de culminar su segundo gobierno V\u00e1zquez dijo que su sue\u00f1o \u00abes que no se pierda ninguno de los derechos que ha conquistado el pueblo uruguayo y que se siga avanzando en mejor salud, educaci\u00f3n, viviendas adecuadas\u00bb y que \u00ablos trabajadores puedan ser escuchados en sus justas<\/span> demandas\u00bb.<\/p>\n<\/p>\n<p><span class=\"text1noticias\">(Multimedia)  <\/span><\/p>\n<p><span class=\"text1noticias\">El expresidente de Uruguay, Tabar\u00e9 V\u00e1zquez saluda durante su acto de despedida, en la Plaza Lafone, en Montevideo, capital de Uruguay, el 28 de febrero de 2020. (Xinhua\/Nicol\u00e1s Celaya) <\/span><\/p>\n<h6> 2020-12-06 11:10:52 <\/h6>\n<p><!--\n<link rel=\"stylesheet\" href=\"css\/bootstrap.min.css\">\n\n\n<ul class=\"pagination\">\n\t    \n\t\n\n<li >\n\t<a href='?page_no=388'>Previous<\/a>\n\t<\/li>\n\n\n       \n    \n\n<li><a href='?page_no=1'>1<\/a><\/li>\n\n\n\n<li><a href='?page_no=2'>2<\/a><\/li>\n\n\n\n<li><a>...<\/a><\/li>\n\n\n\n<li><a href='?page_no=387'>387<\/a><\/li>\n\n\n\n<li><a href='?page_no=388'>388<\/a><\/li>\n\n\n\n<li class='active'><a>389<\/a><\/li>\n\n\n\n<li><a href='?page_no=390'>390<\/a><\/li>\n\n\n\n<li><a href='?page_no=391'>391<\/a><\/li>\n\n\n\n<li><a>...<\/a><\/li>\n\n\n\n<li><a href='?page_no=446'>446<\/a><\/li>\n\n\n\n<li><a href='?page_no=447'>447<\/a><\/li>\n\n    \n\t\n\n<li >\n\t<a href='?page_no=390'>Next<\/a>\n\t<\/li>\n\n\n    \n\n<li><a href='?page_no=447'>Last &rsaquo;&rsaquo;<\/a><\/li>\n\n<\/ul>\n\n\n--><br \/>\n<\/body><\/p>\n","protected":false},"excerpt":{"rendered":"<p>diariodominicano.com MONTEVIDEO, 6 dic (Xinhua) &#8212; El expresidente uruguayo Tabar\u00e9 V\u00e1zquez muri\u00f3 hoy a los 80 a\u00f1os de edad a ra\u00edz de un c\u00e1ncer de pulm\u00f3n detectado en agosto de 2019 y a ocho meses de haber finalizado su segundo mandato presidencial, confirm\u00f3 hoy su familia. \u00abHoy, a la hora 3.00 (hora local), mientras descansaba [&hellip;]<\/p>\n","protected":false},"author":3,"featured_media":0,"comment_status":"open","ping_status":"open","sticky":false,"template":"","format":"standard","meta":{"footnotes":""},"categories":[23],"tags":[],"class_list":["post-261082","post","type-post","status-publish","format-standard","hentry","category-internacional"],"_links":{"self":[{"href":"https:\/\/diariodominicano.com\/index.php?rest_route=\/wp\/v2\/posts\/261082","targetHints":{"allow":["GET"]}}],"collection":[{"href":"https:\/\/diariodominicano.com\/index.php?rest_route=\/wp\/v2\/posts"}],"about":[{"href":"https:\/\/diariodominicano.com\/index.php?rest_route=\/wp\/v2\/types\/post"}],"author":[{"embeddable":true,"href":"https:\/\/diariodominicano.com\/index.php?rest_route=\/wp\/v2\/users\/3"}],"replies":[{"embeddable":true,"href":"https:\/\/diariodominicano.com\/index.php?rest_route=%2Fwp%2Fv2%2Fcomments&post=261082"}],"version-history":[{"count":0,"href":"https:\/\/diariodominicano.com\/index.php?rest_route=\/wp\/v2\/posts\/261082\/revisions"}],"wp:attachment":[{"href":"https:\/\/diariodominicano.com\/index.php?rest_route=%2Fwp%2Fv2%2Fmedia&parent=261082"}],"wp:term":[{"taxonomy":"category","embeddable":true,"href":"https:\/\/diariodominicano.com\/index.php?rest_route=%2Fwp%2Fv2%2Fcategories&post=261082"},{"taxonomy":"post_tag","embeddable":true,"href":"https:\/\/diariodominicano.com\/index.php?rest_route=%2Fwp%2Fv2%2Ftags&post=261082"}],"curies":[{"name":"wp","href":"https:\/\/api.w.org\/{rel}","templated":true}]}}