{"id":261081,"date":"2020-12-06T11:19:09","date_gmt":"2020-12-06T11:19:09","guid":{"rendered":"http:\/\/diariodominicano.ddns.net\/?p=261081"},"modified":"2020-12-06T11:19:09","modified_gmt":"2020-12-06T11:19:09","slug":"experto-en-cultura-china-dice-que-pese-a-la-recesion-economica-mundial-china-logra-reducir-la-pobreza","status":"publish","type":"post","link":"https:\/\/diariodominicano.com\/?p=261081","title":{"rendered":"Experto en cultura China dice que pese a la recesi\u00f3n econ\u00f3mica mundial China logra reducir la pobreza"},"content":{"rendered":"<p><body><\/p>\n<p><img decoding=\"async\" src=\"http:\/\/localhost:8080\/img3\/ajies6-12-20.jpg\" \/>  <\/p>\n<p><span class=\"text1noticias\"> diariodominicano.com<\/span><\/p>\n<p><span class=\"text1noticias\"> <\/span><\/p>\n<p><span class=\"text1noticias\">NUEVA DELHI, 6 dic (Xinhua) &#8212; \u00abLos logros de China en el alivio de la pobreza han sido impresionantes\u00bb, dijo B. R. Deepak, sin\u00f3logo indio y profesor de la Universidad Jawaharlal Nehru, con sede en Nueva Delhi.<\/span><\/p>\n<p><span class=\"text1noticias\"> <\/span><\/p>\n<p><span class=\"text1noticias\">El Banco Mundial ha dicho que el mundo no est\u00e1 en camino de cumplir con el objetivo global de reducir la pobreza extrema al 3 por ciento para 2030 y advirti\u00f3 que se prev\u00e9 que la pobreza extrema aumente durante 2020 por primera vez en m\u00e1s de 20 a\u00f1os debido a la pandemia de COVID-19 junto con la recesi\u00f3n econ\u00f3mica mundial.<\/span><\/p>\n<p><span class=\"text1noticias\"> <\/span><\/p>\n<p><span class=\"text1noticias\">\u00abIndependientemente de estas cifras, China ha realizado un trabajo encomiable en la reducci\u00f3n de la pobreza\u00bb, asegur\u00f3 Deepak a Xinhua.<\/span><\/p>\n<p><span class=\"text1noticias\"> <\/span><\/p>\n<p><span class=\"text1noticias\">Al se\u00f1alar que China ha sacado a cientos de millones de personas de la pobreza, el profesor indio afirm\u00f3 que \u00abgracias a los arduos esfuerzos del liderazgo chino y del pueblo por igual se han logrado dichos result<\/span>ados\u00bb.<\/p>\n<\/p>\n<p><span class=\"text1noticias\">(Multimedia)  <\/span><\/p>\n<p><span class=\"text1noticias\">Imagen del 14 de agosto de 2020 de una agricultora recolectando chiles, en la aldea de Daxin del distrito de Longli, en la prefectura aut\u00f3noma de las etnias buyi y miao de Qiannan, en la provincia de Guizhou, en el suroeste de China. (Xinhua\/Long Yi)<\/span><\/p>\n<h6> 2020-12-06 11:19:09 <\/h6>\n<p><!--\n<link rel=\"stylesheet\" href=\"css\/bootstrap.min.css\">\n\n\n<ul class=\"pagination\">\n\t    \n\t\n\n<li >\n\t<a href='?page_no=387'>Previous<\/a>\n\t<\/li>\n\n\n       \n    \n\n<li><a href='?page_no=1'>1<\/a><\/li>\n\n\n\n<li><a href='?page_no=2'>2<\/a><\/li>\n\n\n\n<li><a>...<\/a><\/li>\n\n\n\n<li><a href='?page_no=386'>386<\/a><\/li>\n\n\n\n<li><a href='?page_no=387'>387<\/a><\/li>\n\n\n\n<li class='active'><a>388<\/a><\/li>\n\n\n\n<li><a href='?page_no=389'>389<\/a><\/li>\n\n\n\n<li><a href='?page_no=390'>390<\/a><\/li>\n\n\n\n<li><a>...<\/a><\/li>\n\n\n\n<li><a href='?page_no=446'>446<\/a><\/li>\n\n\n\n<li><a href='?page_no=447'>447<\/a><\/li>\n\n    \n\t\n\n<li >\n\t<a href='?page_no=389'>Next<\/a>\n\t<\/li>\n\n\n    \n\n<li><a href='?page_no=447'>Last &rsaquo;&rsaquo;<\/a><\/li>\n\n<\/ul>\n\n\n--><br \/>\n<\/body><\/p>\n","protected":false},"excerpt":{"rendered":"<p>diariodominicano.com NUEVA DELHI, 6 dic (Xinhua) &#8212; \u00abLos logros de China en el alivio de la pobreza han sido impresionantes\u00bb, dijo B. R. Deepak, sin\u00f3logo indio y profesor de la Universidad Jawaharlal Nehru, con sede en Nueva Delhi. El Banco Mundial ha dicho que el mundo no est\u00e1 en camino de cumplir con el objetivo [&hellip;]<\/p>\n","protected":false},"author":3,"featured_media":0,"comment_status":"open","ping_status":"open","sticky":false,"template":"","format":"standard","meta":{"footnotes":""},"categories":[23],"tags":[],"class_list":["post-261081","post","type-post","status-publish","format-standard","hentry","category-internacional"],"_links":{"self":[{"href":"https:\/\/diariodominicano.com\/index.php?rest_route=\/wp\/v2\/posts\/261081","targetHints":{"allow":["GET"]}}],"collection":[{"href":"https:\/\/diariodominicano.com\/index.php?rest_route=\/wp\/v2\/posts"}],"about":[{"href":"https:\/\/diariodominicano.com\/index.php?rest_route=\/wp\/v2\/types\/post"}],"author":[{"embeddable":true,"href":"https:\/\/diariodominicano.com\/index.php?rest_route=\/wp\/v2\/users\/3"}],"replies":[{"embeddable":true,"href":"https:\/\/diariodominicano.com\/index.php?rest_route=%2Fwp%2Fv2%2Fcomments&post=261081"}],"version-history":[{"count":0,"href":"https:\/\/diariodominicano.com\/index.php?rest_route=\/wp\/v2\/posts\/261081\/revisions"}],"wp:attachment":[{"href":"https:\/\/diariodominicano.com\/index.php?rest_route=%2Fwp%2Fv2%2Fmedia&parent=261081"}],"wp:term":[{"taxonomy":"category","embeddable":true,"href":"https:\/\/diariodominicano.com\/index.php?rest_route=%2Fwp%2Fv2%2Fcategories&post=261081"},{"taxonomy":"post_tag","embeddable":true,"href":"https:\/\/diariodominicano.com\/index.php?rest_route=%2Fwp%2Fv2%2Ftags&post=261081"}],"curies":[{"name":"wp","href":"https:\/\/api.w.org\/{rel}","templated":true}]}}