{"id":261077,"date":"2020-12-06T21:57:25","date_gmt":"2020-12-06T21:57:25","guid":{"rendered":"http:\/\/diariodominicano.ddns.net\/?p=261077"},"modified":"2020-12-06T21:57:25","modified_gmt":"2020-12-06T21:57:25","slug":"experto-vacuna-contra-covid-19-tendria-efectos-duraderos","status":"publish","type":"post","link":"https:\/\/diariodominicano.com\/?p=261077","title":{"rendered":"Experto: Vacuna contra COVID-19 tendr\u00eda efectos duraderos"},"content":{"rendered":"<p><body><\/p>\n<p><img decoding=\"async\" src=\"http:\/\/localhost:8080\/img3\/vacunausa800.jpg\" \/>  <\/p>\n<p><strong>Experto: Vacuna contra COVID-19 tendr\u00eda efectos duraderos<\/strong><\/p>\n<p><strong>Un individuo pasa junto a una tienda de Walgreens que tiene un cartel que dice que todavia no hay disponible una vacuna contra el COVID-19 y otro que recomienda el uso de barbijos en Long Beach, California, el 2 de diciembre del 2020. (AP Photo\/Ashley Landis, File)<\/strong><\/p>\n<p><strong>WASHINGTON (AP) &#8211;<\/strong> La vacuna contra COVID-19 podr\u00eda tener efectos duraderos una vez que se empiece a distribuir, vaticin\u00f3 el domingo el director del proyecto de Estados Unidos para el desarrollo de esa inoculaci\u00f3n.<\/p>\n<\/p>\n<p>El doctor Moncef Slaoui coment\u00f3 durante el programa \u00abState of the Union\u00bb de la cadena CNN que s\u00f3lo con el paso de tiempo se sabr\u00e1 con certeza eso, pero que en su opini\u00f3n, la efectividad de la vacuna deber\u00eda durar \u00abmuchos, muchos a\u00f1os\u00bb. Se\u00f1al\u00f3 que la gente de edad avanzada y otros que son vulnerables requerir\u00edan otra inyecci\u00f3n cada tres o cinco a\u00f1os.<\/p>\n<\/p>\n<p>Dijo que una de las caracter\u00edsticas de los sistemas inmunes es la memoria, as\u00ed que la respuesta del cuerpo al coronavirus ser\u00e1 mucho m\u00e1s r\u00e1pida una vez que se haya administrado la vacuna.<\/p>\n<\/p>\n<p>ADVERTISEMENT<\/p>\n<\/p>\n<p>Sin embargo, Slaoui dijo que a\u00fan no se sabe si las personas vacunadas pueden propagar el virus a otras, pese a que ellos ya est\u00e9n protegidos. Coment\u00f3 que podr\u00eda haber indicios de ello en febrero o marzo.<\/p>\n<\/p>\n<p>Slaoui destac\u00f3 la importancia de que la gente siga con cautela y tome medidas para protegerse a ellos y a otros contra el COVID-19.<\/p>\n<\/p>\n<p>Dijo que una vez que el 70% u 80% de la poblaci\u00f3n est\u00e9 vacunada, \u00abel virus disminuir\u00e1\u00bb.<\/p>\n<h6> 2020-12-06 21:57:25 <\/h6>\n<p><!--\n<link rel=\"stylesheet\" href=\"css\/bootstrap.min.css\">\n\n\n<ul class=\"pagination\">\n\t    \n\t\n\n<li >\n\t<a href='?page_no=383'>Previous<\/a>\n\t<\/li>\n\n\n       \n    \n\n<li><a href='?page_no=1'>1<\/a><\/li>\n\n\n\n<li><a href='?page_no=2'>2<\/a><\/li>\n\n\n\n<li><a>...<\/a><\/li>\n\n\n\n<li><a href='?page_no=382'>382<\/a><\/li>\n\n\n\n<li><a href='?page_no=383'>383<\/a><\/li>\n\n\n\n<li class='active'><a>384<\/a><\/li>\n\n\n\n<li><a href='?page_no=385'>385<\/a><\/li>\n\n\n\n<li><a href='?page_no=386'>386<\/a><\/li>\n\n\n\n<li><a>...<\/a><\/li>\n\n\n\n<li><a href='?page_no=446'>446<\/a><\/li>\n\n\n\n<li><a href='?page_no=447'>447<\/a><\/li>\n\n    \n\t\n\n<li >\n\t<a href='?page_no=385'>Next<\/a>\n\t<\/li>\n\n\n    \n\n<li><a href='?page_no=447'>Last &rsaquo;&rsaquo;<\/a><\/li>\n\n<\/ul>\n\n\n--><br \/>\n<\/body><\/p>\n","protected":false},"excerpt":{"rendered":"<p>Experto: Vacuna contra COVID-19 tendr\u00eda efectos duraderos Un individuo pasa junto a una tienda de Walgreens que tiene un cartel que dice que todavia no hay disponible una vacuna contra el COVID-19 y otro que recomienda el uso de barbijos en Long Beach, California, el 2 de diciembre del 2020. (AP Photo\/Ashley Landis, File) WASHINGTON [&hellip;]<\/p>\n","protected":false},"author":3,"featured_media":0,"comment_status":"open","ping_status":"open","sticky":false,"template":"","format":"standard","meta":{"footnotes":""},"categories":[23],"tags":[],"class_list":["post-261077","post","type-post","status-publish","format-standard","hentry","category-internacional"],"_links":{"self":[{"href":"https:\/\/diariodominicano.com\/index.php?rest_route=\/wp\/v2\/posts\/261077","targetHints":{"allow":["GET"]}}],"collection":[{"href":"https:\/\/diariodominicano.com\/index.php?rest_route=\/wp\/v2\/posts"}],"about":[{"href":"https:\/\/diariodominicano.com\/index.php?rest_route=\/wp\/v2\/types\/post"}],"author":[{"embeddable":true,"href":"https:\/\/diariodominicano.com\/index.php?rest_route=\/wp\/v2\/users\/3"}],"replies":[{"embeddable":true,"href":"https:\/\/diariodominicano.com\/index.php?rest_route=%2Fwp%2Fv2%2Fcomments&post=261077"}],"version-history":[{"count":0,"href":"https:\/\/diariodominicano.com\/index.php?rest_route=\/wp\/v2\/posts\/261077\/revisions"}],"wp:attachment":[{"href":"https:\/\/diariodominicano.com\/index.php?rest_route=%2Fwp%2Fv2%2Fmedia&parent=261077"}],"wp:term":[{"taxonomy":"category","embeddable":true,"href":"https:\/\/diariodominicano.com\/index.php?rest_route=%2Fwp%2Fv2%2Fcategories&post=261077"},{"taxonomy":"post_tag","embeddable":true,"href":"https:\/\/diariodominicano.com\/index.php?rest_route=%2Fwp%2Fv2%2Ftags&post=261077"}],"curies":[{"name":"wp","href":"https:\/\/api.w.org\/{rel}","templated":true}]}}