{"id":261076,"date":"2020-12-06T22:12:38","date_gmt":"2020-12-06T22:12:38","guid":{"rendered":"http:\/\/diariodominicano.ddns.net\/?p=261076"},"modified":"2020-12-06T22:12:38","modified_gmt":"2020-12-06T22:12:38","slug":"motin-en-carcel-de-ecuador-deja-6-muertos-y-7-heridos","status":"publish","type":"post","link":"https:\/\/diariodominicano.com\/?p=261076","title":{"rendered":"Mot\u00edn en c\u00e1rcel de Ecuador deja 6 muertos y 7 heridos"},"content":{"rendered":"<p><body><\/p>\n<p><span class=\"text1noticias\">diariodominicano.com<\/span><\/p>\n<p><span class=\"text1noticias\">   QUITO, 6 dic (Xinhua) &#8212; Al menos seis personas murieron y otras siete resultaron heridas en un mot\u00edn en un centro carcelario del norte de Ecuador, inform\u00f3 hoy el Servicio Nacional de Atenci\u00f3n Integral a Personas Privadas de la Libertad (SNAI).<\/span><\/p>\n<\/p>\n<p><span class=\"text1noticias\">   La dependencia indic\u00f3 en un comunicado que el amotinamiento se produjo \u00abpor disputas de poder\u00bb entre internos del Centro de Privaci\u00f3n de Libertad \u00abEsmeraldas N\u00b02\u00bb ubicado en la provincia del mismo nombre en el noroeste de Ecuador.<\/span><\/p>\n<\/p>\n<p><span class=\"text1noticias\">   La SNAI agreg\u00f3 que gracias a acciones coordinadas con Unidades T\u00e1cticas de la Polic\u00eda Nacional y miembros de la Marina de las Fuerzas Armadas de Ecuador, se logr\u00f3 mitigar la situaci\u00f3n y evitar que se ponga en riesgo la seguridad de las dem\u00e1s presos del centro penitenciario.<\/span><\/p>\n<\/p>\n<p><span class=\"text1noticias\">   Adicionalmente, se efectu\u00f3 un operativo de control policial para mantener el control en el lugar. Fin<\/span><\/p>\n<h6> 2020-12-06 22:12:38 <\/h6>\n<p><!--\n<link rel=\"stylesheet\" href=\"css\/bootstrap.min.css\">\n\n\n<ul class=\"pagination\">\n\t    \n\t\n\n<li >\n\t<a href='?page_no=382'>Previous<\/a>\n\t<\/li>\n\n\n       \n    \n\n<li><a href='?page_no=1'>1<\/a><\/li>\n\n\n\n<li><a href='?page_no=2'>2<\/a><\/li>\n\n\n\n<li><a>...<\/a><\/li>\n\n\n\n<li><a href='?page_no=381'>381<\/a><\/li>\n\n\n\n<li><a href='?page_no=382'>382<\/a><\/li>\n\n\n\n<li class='active'><a>383<\/a><\/li>\n\n\n\n<li><a href='?page_no=384'>384<\/a><\/li>\n\n\n\n<li><a href='?page_no=385'>385<\/a><\/li>\n\n\n\n<li><a>...<\/a><\/li>\n\n\n\n<li><a href='?page_no=446'>446<\/a><\/li>\n\n\n\n<li><a href='?page_no=447'>447<\/a><\/li>\n\n    \n\t\n\n<li >\n\t<a href='?page_no=384'>Next<\/a>\n\t<\/li>\n\n\n    \n\n<li><a href='?page_no=447'>Last &rsaquo;&rsaquo;<\/a><\/li>\n\n<\/ul>\n\n\n--><br \/>\n<\/body><\/p>\n","protected":false},"excerpt":{"rendered":"<p>diariodominicano.com QUITO, 6 dic (Xinhua) &#8212; Al menos seis personas murieron y otras siete resultaron heridas en un mot\u00edn en un centro carcelario del norte de Ecuador, inform\u00f3 hoy el Servicio Nacional de Atenci\u00f3n Integral a Personas Privadas de la Libertad (SNAI). La dependencia indic\u00f3 en un comunicado que el amotinamiento se produjo \u00abpor disputas [&hellip;]<\/p>\n","protected":false},"author":3,"featured_media":0,"comment_status":"open","ping_status":"open","sticky":false,"template":"","format":"standard","meta":{"footnotes":""},"categories":[23],"tags":[],"class_list":["post-261076","post","type-post","status-publish","format-standard","hentry","category-internacional"],"_links":{"self":[{"href":"https:\/\/diariodominicano.com\/index.php?rest_route=\/wp\/v2\/posts\/261076","targetHints":{"allow":["GET"]}}],"collection":[{"href":"https:\/\/diariodominicano.com\/index.php?rest_route=\/wp\/v2\/posts"}],"about":[{"href":"https:\/\/diariodominicano.com\/index.php?rest_route=\/wp\/v2\/types\/post"}],"author":[{"embeddable":true,"href":"https:\/\/diariodominicano.com\/index.php?rest_route=\/wp\/v2\/users\/3"}],"replies":[{"embeddable":true,"href":"https:\/\/diariodominicano.com\/index.php?rest_route=%2Fwp%2Fv2%2Fcomments&post=261076"}],"version-history":[{"count":0,"href":"https:\/\/diariodominicano.com\/index.php?rest_route=\/wp\/v2\/posts\/261076\/revisions"}],"wp:attachment":[{"href":"https:\/\/diariodominicano.com\/index.php?rest_route=%2Fwp%2Fv2%2Fmedia&parent=261076"}],"wp:term":[{"taxonomy":"category","embeddable":true,"href":"https:\/\/diariodominicano.com\/index.php?rest_route=%2Fwp%2Fv2%2Fcategories&post=261076"},{"taxonomy":"post_tag","embeddable":true,"href":"https:\/\/diariodominicano.com\/index.php?rest_route=%2Fwp%2Fv2%2Ftags&post=261076"}],"curies":[{"name":"wp","href":"https:\/\/api.w.org\/{rel}","templated":true}]}}