{"id":261074,"date":"2020-12-06T22:37:17","date_gmt":"2020-12-06T22:37:17","guid":{"rendered":"http:\/\/diariodominicano.ddns.net\/?p=261074"},"modified":"2020-12-06T22:37:17","modified_gmt":"2020-12-06T22:37:17","slug":"rudy-giuliani-da-positivo-al-coronavirus","status":"publish","type":"post","link":"https:\/\/diariodominicano.com\/?p=261074","title":{"rendered":"Rudy Giuliani da positivo al coronavirus"},"content":{"rendered":"<p><body><\/p>\n<p><img decoding=\"async\" src=\"http:\/\/localhost:8080\/img3\/giulia00800.jpg\" \/>  <\/p>\n<p><strong>Rudy Giuliani da positivo al coronavirus<\/strong><\/p>\n<p><strong>Por AAMER MADHANI<\/strong><\/p>\n<p><strong>Rudy Giuliani, abogado personal del presidente Donald Trump, porta una mascarilla para protegerse del coronavirus tras hablar el mi\u00e9rcoles 25 de noviembre de 2020 en una audiencia del Comit\u00e9 de Pol\u00edticas de la Mayor\u00eda en el Senado del Estado de Pensilvania, en Gettysburg, Pensilvania. (AP Fo<\/strong>to\/Julio Cortez)<\/p>\n<p><strong>WASHINGTON (AP)<\/strong> Rudy Giuliani ha dado positivo al coronavirus, confirm\u00f3 el presidente Donald Trump el domingo en un tuit sobre su abogado personal, el m\u00e1s reciente en su c\u00edrculo de colaboradores cercanos en contagiarse.<\/p>\n<\/p>\n<p>Giuliani fue ingresado el domingo en el Centro M\u00e9dico de la Universidad de Georgetown, en Washington, de acuerdo con una persona con conocimiento de la situaci\u00f3n y que habl\u00f3 bajo condici\u00f3n de anonimato debido a que no estaba autorizada para discutir p\u00fablicamente el tema.<\/p>\n<\/p>\n<p>En las \u00faltimas semanas, el exalcalde de la ciudad de Nueva York de 76 a\u00f1os de edad ha viajado profusamente a estados muy disputados en las elecciones en un intento por ayudar a Trump a revertir su derrota en los comicios. En numerosas ocasiones ha sostenido prolongados encuentros con funcionarios locales, sin utilizar mascarilla.<\/p>\n<\/p>\n<p>El presidente le dese\u00f3 a Giuliani una r\u00e1pida recuperaci\u00f3n.<\/p>\n<\/p>\n<p>ADVERTISEMENT<\/p>\n<\/p>\n<p>\u00ab\u00a1\u00a1\u00a1Mej\u00f3rate pronto Rudy, seguiremos adelante!!!\u00bb, tuite\u00f3 Trump.<\/p>\n<\/p>\n<p>Giuliani no respondi\u00f3 de inmediato a una solicitud de comentarios, pero el domingo por la tarde retuite\u00f3 el anuncio de Trump de su diagn\u00f3stico. Tambi\u00e9n agradeci\u00f3 en la red social a un usuario conservador que hab\u00eda dicho que rezaba por \u00e9l.<\/p>\n<\/p>\n<p>De momento no estaba claro cu\u00e1les s\u00edntomas hab\u00eda desarrollado, en caso de que tuviera alguno.<\/p>\n<\/p>\n<p>El exalcalde neoyorquino acudi\u00f3 a una audiencia el jueves en el Capitolio de Georgia, donde estuvo varias horas sin utilizar mascarilla. Varios senadores estatales tampoco portaron cubrebocas durante la audiencia.<\/p>\n<\/p>\n<p>Giuliani estuvo en Lansing, Michigan, el mi\u00e9rcoles en la noche para testificar en una audiencia legislativa sumamente inusual de cuatro horas y media, en la cual presion\u00f3 a los legisladores republicanos a ignorar la victoria del presidente electo Joe Biden en el estado y a designar electores en favor de Trump. No us\u00f3 mascarilla, como tampoco lo hizo la abogada Jenna Ellis, quien estuvo sentada a su lado. En un momento dado de la audiencia le pregunt\u00f3 a una de sus testigos ? una trabajadora electoral de Detroit ? si se sentir\u00eda c\u00f3moda retir\u00e1ndose el cubrebocas. Pero los legisladores dijeron que pod\u00edan escucharla.<\/p>\n<\/p>\n<p>Tampoco port\u00f3 mascarilla durante una audiencia celebrada el 25 de noviembre en Pensilvania. Y Giuliani no se coloc\u00f3 en cuarentena luego de estar cerca de una persona infectada en una conferencia de prensa el 19 de noviembre en la sede del Comit\u00e9 Nacional Republicano. Su hijo, Andrew Giuliani, quien es colaborador en la Casa Blanca, anunci\u00f3 un d\u00eda despu\u00e9s del evento que hab\u00eda dado positivo al virus.<\/p>\n<\/p>\n<p>Las investigaciones sobre el coronavirus muestran que las personas que contraen la enfermedad pueden contagiar a otros varios d\u00edas antes de que empiecen a sentirse mal.<\/p>\n<\/p>\n<p>Antes de la audiencia en Michigan, Giuliani y la presidenta del Partido Republicano en el estado, Laura Cox ? ambos sin mascarillas ?, sostuvieron una reuni\u00f3n virtual con activistas republicanos.<\/p>\n<\/p>\n<p>Giuliani se present\u00f3 horas antes el domingo en Fox News para hablar de los recursos legales incoados en varios estados a nombre de Trump.<\/p>\n<\/p>\n<p>El diagn\u00f3stico se dio a conocer m\u00e1s de un mes despu\u00e9s de que Trump perdi\u00f3 su reelecci\u00f3n y luego de m\u00e1s de dos meses de que el mandatario contrajera COVID-19 a principios de octubre. Desde entonces, una serie de funcionarios del gobierno y varios allegados de Trump tambi\u00e9n han enfermado, incluyendo el jefe de despacho de la Casa Blanca, Mark Meadows, y el secretario de Vivienda y Desarrollo Urbano, Ben Carson.<\/p>\n<\/p>\n<p>\u00abEstoy experimentando s\u00edntomas leves y estoy siguiendo todos los protocolos apropiados, incluyendo estar en cuarentena y el rastreo de contactos\u00bb, dijo el hijo de Giuliani en un tuit el 20 de noviembre en el que revel\u00f3 que padec\u00eda COVID-19.<\/p>\n<\/p>\n<p>La gran cantidad de contagios en el c\u00edrculo interno de Trump exhibe el enfoque desde\u00f1oso que ha adoptado el mandatario en torno a un virus que ha cobrado la vida de m\u00e1s de 280.000 estadounidenses.<\/p>\n<\/p>\n<p>Entre los contagiados tambi\u00e9n est\u00e1n la secretaria de prensa de la Casa Blanca y a los asesores Hope Hicks y Stephen Miller, al igual que el jefe de campa\u00f1a de Trump y el presidente del Comit\u00e9 Nacional Republicano.<\/p>\n<\/p>\n<p>___<\/p>\n<\/p>\n<p>Los periodistas de The Associated Press Ben Nadler en Atlanta y David Eggert en Lansing, Michigan, contribuyeron con este despacho.<\/p>\n<h6> 2020-12-06 22:37:17 <\/h6>\n<p><!--\n<link rel=\"stylesheet\" href=\"css\/bootstrap.min.css\">\n\n\n<ul class=\"pagination\">\n\t    \n\t\n\n<li >\n\t<a href='?page_no=380'>Previous<\/a>\n\t<\/li>\n\n\n       \n    \n\n<li><a href='?page_no=1'>1<\/a><\/li>\n\n\n\n<li><a href='?page_no=2'>2<\/a><\/li>\n\n\n\n<li><a>...<\/a><\/li>\n\n\n\n<li><a href='?page_no=379'>379<\/a><\/li>\n\n\n\n<li><a href='?page_no=380'>380<\/a><\/li>\n\n\n\n<li class='active'><a>381<\/a><\/li>\n\n\n\n<li><a href='?page_no=382'>382<\/a><\/li>\n\n\n\n<li><a href='?page_no=383'>383<\/a><\/li>\n\n\n\n<li><a>...<\/a><\/li>\n\n\n\n<li><a href='?page_no=446'>446<\/a><\/li>\n\n\n\n<li><a href='?page_no=447'>447<\/a><\/li>\n\n    \n\t\n\n<li >\n\t<a href='?page_no=382'>Next<\/a>\n\t<\/li>\n\n\n    \n\n<li><a href='?page_no=447'>Last &rsaquo;&rsaquo;<\/a><\/li>\n\n<\/ul>\n\n\n--><br \/>\n<\/body><\/p>\n","protected":false},"excerpt":{"rendered":"<p>Rudy Giuliani da positivo al coronavirus Por AAMER MADHANI Rudy Giuliani, abogado personal del presidente Donald Trump, porta una mascarilla para protegerse del coronavirus tras hablar el mi\u00e9rcoles 25 de noviembre de 2020 en una audiencia del Comit\u00e9 de Pol\u00edticas de la Mayor\u00eda en el Senado del Estado de Pensilvania, en Gettysburg, Pensilvania. (AP Foto\/Julio [&hellip;]<\/p>\n","protected":false},"author":3,"featured_media":0,"comment_status":"open","ping_status":"open","sticky":false,"template":"","format":"standard","meta":{"footnotes":""},"categories":[23],"tags":[],"class_list":["post-261074","post","type-post","status-publish","format-standard","hentry","category-internacional"],"_links":{"self":[{"href":"https:\/\/diariodominicano.com\/index.php?rest_route=\/wp\/v2\/posts\/261074","targetHints":{"allow":["GET"]}}],"collection":[{"href":"https:\/\/diariodominicano.com\/index.php?rest_route=\/wp\/v2\/posts"}],"about":[{"href":"https:\/\/diariodominicano.com\/index.php?rest_route=\/wp\/v2\/types\/post"}],"author":[{"embeddable":true,"href":"https:\/\/diariodominicano.com\/index.php?rest_route=\/wp\/v2\/users\/3"}],"replies":[{"embeddable":true,"href":"https:\/\/diariodominicano.com\/index.php?rest_route=%2Fwp%2Fv2%2Fcomments&post=261074"}],"version-history":[{"count":0,"href":"https:\/\/diariodominicano.com\/index.php?rest_route=\/wp\/v2\/posts\/261074\/revisions"}],"wp:attachment":[{"href":"https:\/\/diariodominicano.com\/index.php?rest_route=%2Fwp%2Fv2%2Fmedia&parent=261074"}],"wp:term":[{"taxonomy":"category","embeddable":true,"href":"https:\/\/diariodominicano.com\/index.php?rest_route=%2Fwp%2Fv2%2Fcategories&post=261074"},{"taxonomy":"post_tag","embeddable":true,"href":"https:\/\/diariodominicano.com\/index.php?rest_route=%2Fwp%2Fv2%2Ftags&post=261074"}],"curies":[{"name":"wp","href":"https:\/\/api.w.org\/{rel}","templated":true}]}}