{"id":261073,"date":"2020-12-06T22:50:57","date_gmt":"2020-12-06T22:50:57","guid":{"rendered":"http:\/\/diariodominicano.ddns.net\/?p=261073"},"modified":"2020-12-06T22:50:57","modified_gmt":"2020-12-06T22:50:57","slug":"sepultan-a-tabare-vazquez-en-una-ceremonia-intima-en-montevideo","status":"publish","type":"post","link":"https:\/\/diariodominicano.com\/?p=261073","title":{"rendered":"Sepultan a Tabar\u00e9 V\u00e1zquez en una ceremonia \u00edntima en Montevideo"},"content":{"rendered":"<p><body><\/p>\n<p><img decoding=\"async\" src=\"http:\/\/localhost:8080\/img3\/Tavareuy6-12-20.jpg\" \/>  <\/p>\n<p> diariodominicano.com<\/p>\n<\/p>\n<p><span class=\"text1noticias\">   MONTEVIDEO, 6 dic (Xinhua) &#8212; Los restos del dos veces presidente de Uruguay, Tabar\u00e9 V\u00e1zquez, fueron sepultados hoy domingo por la tarde en una ceremonia \u00edntima en el Cementerio de La Teja, el barrio obrero del oeste de Montevideo donde vivi\u00f3 hasta su juventud.<\/span><\/p>\n<\/p>\n<p><span class=\"text1noticias\">   El ata\u00fad cubierto por el pabell\u00f3n nacional ingres\u00f3 al camposanto acompa\u00f1ado por un pu\u00f1ado de familiares, y cargado por los hijos del ex mandatario, fallecido esta madrugada v\u00edctima de un c\u00e1ncer pulmonar a los 80 a\u00f1os de edad.<\/span><\/p>\n<\/p>\n<p><span class=\"text1noticias\">   Tras una breve ceremonia religiosa y luego de recibir honores militares como ex jefe de Estado, un hijo y un nieto colocaron en el f\u00e9retro una bandera del izquierdista Frente Amplio (FA) y otra de Progreso, el club de f\u00fatbol de La Teja del que era hincha, y que presidi\u00f3 en la d\u00e9cada de 1980.<\/span><\/p>\n<p><span class=\"text1noticias\">   El cuerpo fue sepultado a las 14:46 hora local en una tarde de primavera austral soleada y apenas templada.<\/span><\/p>\n<\/p>\n<p><span class=\"text1noticias\">   El cortejo f\u00fanebre hab\u00eda partido desde el Centro de la capital uruguaya, el cual fue saludado por miles de personas con banderas del FA y de Uruguay.<\/span><\/p>\n<p><span class=\"text1noticias\">   \u00ab\u00a1Gracias Tabar\u00e9!\u00bb y \u00abPresidente\u00bb fueron algunos gritos que se repitieron mientras varias personas expresaban su dolor en silencio o derramando l\u00e1grimas.<\/span><\/p>\n<p><span class=\"text1noticias\">   Los alrededores del cementerio estaban decorados con la ense\u00f1a roja, blanca y azul del FA, el pabell\u00f3n nacional y la bandera del equipo Progreso.<\/span><\/p>\n<\/p>\n<p><span class=\"text1noticias\">   La familia de V\u00e1zquez y el FA, hoy en la oposici\u00f3n, exhortaron a la poblaci\u00f3n a no asistir a las honras f\u00fanebres y a seguir el cortejo por los medios de comunicaci\u00f3n, atendiendo a la emergencia sanitaria por la pandemia de COVID-19.<\/span><\/p>\n<\/p>\n<p><span class=\"text1noticias\">   M\u00e1s temprano, tuvo lugar un breve velatorio en una sala f\u00fanebre, al que asistieron s\u00f3lo familiares cercanos y figuras pol\u00edticas como el presidente uruguayo, Luis Lacalle Pou.<\/span><\/p>\n<p><span class=\"text1noticias\">   El gobierno de Uruguay decret\u00f3 hoy, ante el fallecimiento de V\u00e1zquez, tres d\u00edas de duelo nacional los d\u00edas 6, 7 y 8 de diciembre, con bandera a media asta en todas las reparticiones del Estado, dentro del pa\u00eds y en el exterior.<\/span><\/p>\n<\/p>\n<p><span class=\"text1noticias\">   V\u00e1zquez fue el primer presidente de izquierda del pa\u00eds, que gobern\u00f3 para el FA en dos periodos (2005-2010 y 2015-2020) y el primer intendente de izquierda al ocupar el gobierno departamental de Montevideo (1990-1994). Fin<\/span><\/p>\n<h6> 2020-12-06 22:50:57 <\/h6>\n<p><!--\n<link rel=\"stylesheet\" href=\"css\/bootstrap.min.css\">\n\n\n<ul class=\"pagination\">\n\t    \n\t\n\n<li >\n\t<a href='?page_no=379'>Previous<\/a>\n\t<\/li>\n\n\n       \n    \n\n<li><a href='?page_no=1'>1<\/a><\/li>\n\n\n\n<li><a href='?page_no=2'>2<\/a><\/li>\n\n\n\n<li><a>...<\/a><\/li>\n\n\n\n<li><a href='?page_no=378'>378<\/a><\/li>\n\n\n\n<li><a href='?page_no=379'>379<\/a><\/li>\n\n\n\n<li class='active'><a>380<\/a><\/li>\n\n\n\n<li><a href='?page_no=381'>381<\/a><\/li>\n\n\n\n<li><a href='?page_no=382'>382<\/a><\/li>\n\n\n\n<li><a>...<\/a><\/li>\n\n\n\n<li><a href='?page_no=446'>446<\/a><\/li>\n\n\n\n<li><a href='?page_no=447'>447<\/a><\/li>\n\n    \n\t\n\n<li >\n\t<a href='?page_no=381'>Next<\/a>\n\t<\/li>\n\n\n    \n\n<li><a href='?page_no=447'>Last &rsaquo;&rsaquo;<\/a><\/li>\n\n<\/ul>\n\n\n--><br \/>\n<\/body><\/p>\n","protected":false},"excerpt":{"rendered":"<p>diariodominicano.com MONTEVIDEO, 6 dic (Xinhua) &#8212; Los restos del dos veces presidente de Uruguay, Tabar\u00e9 V\u00e1zquez, fueron sepultados hoy domingo por la tarde en una ceremonia \u00edntima en el Cementerio de La Teja, el barrio obrero del oeste de Montevideo donde vivi\u00f3 hasta su juventud. El ata\u00fad cubierto por el pabell\u00f3n nacional ingres\u00f3 al camposanto [&hellip;]<\/p>\n","protected":false},"author":3,"featured_media":0,"comment_status":"open","ping_status":"open","sticky":false,"template":"","format":"standard","meta":{"footnotes":""},"categories":[23],"tags":[],"class_list":["post-261073","post","type-post","status-publish","format-standard","hentry","category-internacional"],"_links":{"self":[{"href":"https:\/\/diariodominicano.com\/index.php?rest_route=\/wp\/v2\/posts\/261073","targetHints":{"allow":["GET"]}}],"collection":[{"href":"https:\/\/diariodominicano.com\/index.php?rest_route=\/wp\/v2\/posts"}],"about":[{"href":"https:\/\/diariodominicano.com\/index.php?rest_route=\/wp\/v2\/types\/post"}],"author":[{"embeddable":true,"href":"https:\/\/diariodominicano.com\/index.php?rest_route=\/wp\/v2\/users\/3"}],"replies":[{"embeddable":true,"href":"https:\/\/diariodominicano.com\/index.php?rest_route=%2Fwp%2Fv2%2Fcomments&post=261073"}],"version-history":[{"count":0,"href":"https:\/\/diariodominicano.com\/index.php?rest_route=\/wp\/v2\/posts\/261073\/revisions"}],"wp:attachment":[{"href":"https:\/\/diariodominicano.com\/index.php?rest_route=%2Fwp%2Fv2%2Fmedia&parent=261073"}],"wp:term":[{"taxonomy":"category","embeddable":true,"href":"https:\/\/diariodominicano.com\/index.php?rest_route=%2Fwp%2Fv2%2Fcategories&post=261073"},{"taxonomy":"post_tag","embeddable":true,"href":"https:\/\/diariodominicano.com\/index.php?rest_route=%2Fwp%2Fv2%2Ftags&post=261073"}],"curies":[{"name":"wp","href":"https:\/\/api.w.org\/{rel}","templated":true}]}}