{"id":261071,"date":"2020-12-06T23:03:53","date_gmt":"2020-12-06T23:03:53","guid":{"rendered":"http:\/\/diariodominicano.ddns.net\/?p=261071"},"modified":"2020-12-06T23:03:53","modified_gmt":"2020-12-06T23:03:53","slug":"uruguay-despide-a-tabare-vazquez-el-caudillo-de-la-izquierda-que-fue-dos-veces-presidente","status":"publish","type":"post","link":"https:\/\/diariodominicano.com\/?p=261071","title":{"rendered":"Uruguay despide a Tabar\u00e9 V\u00e1zquez, el caudillo de la izquierda que fue dos veces presidente"},"content":{"rendered":"<p><body><\/p>\n<p>diariodominicano.com<\/p>\n<p><span class=\"text1noticias\">   Por Gerardo Laborde<\/span><\/p>\n<p><span class=\"text1noticias\">   MONTEVIDEO, 6 dic (Xinhua) &#8212; Uruguay despidi\u00f3 hoy domingo con honores al dos veces presidente, Tabar\u00e9 V\u00e1zquez (2005-2010, 2015-2020), quien condujo a la izquierda (Frente Amplio, FA) por primera vez al poder hace 15 a\u00f1os.<\/span><\/p>\n<\/p>\n<p><span class=\"text1noticias\">   \u00abHoy, a la hora 3:00 (hora local), mientras descansaba en su hogar, acompa\u00f1ado de algunos familiares y amigos, por causa de su enfermedad, falleci\u00f3 Tabar\u00e9\u00bb, escribi\u00f3 en Twitter al amanecer su hijo, \u00c1lvaro V\u00e1zquez.<\/span><\/p>\n<\/p>\n<p><span class=\"text1noticias\">   La salud de V\u00e1zquez hab\u00eda empeorado los \u00faltimos d\u00edas al agravarse el c\u00e1ncer de pulm\u00f3n que se le hab\u00eda diagnosticado en agosto de 2019, d\u00edas despu\u00e9s de fallecer su esposa, en julio del a\u00f1o pasado.<\/span><\/p>\n<\/p>\n<p><span class=\"text1noticias\">   La familia de V\u00e1zquez y el FA, hoy en la oposici\u00f3n, exhortaron a la poblaci\u00f3n a no asistir a las honras f\u00fanebres y a seguir el cortejo por los medios de comunicaci\u00f3n atendiendo a la emergencia sanitaria por la pandemia de COVID-19.<\/span><\/p>\n<\/p>\n<p><span class=\"text1noticias\">   El actual presidente Luis Lacalle Pou (Partido Nacional, PN) asisti\u00f3 a un velatorio \u00edntimo para la familia cercana a V\u00e1zquez y expres\u00f3 que salud\u00f3 a los deudos de parte del Estado para \u00abrendir homenaje\u00bb a quien fue \u00abpresidente de todos los uruguayos\u00bb.   <\/span><\/p>\n<\/p>\n<p><span class=\"text1noticias\">   \u00abEn la vida es bueno que las diferencias pol\u00edticas, las batallas pol\u00edticas, no traspasen lo personal\u00bb, dijo el mandatario, y se\u00f1al\u00f3 que luego de la campa\u00f1a electoral \u00abpuede quedar alguna rispidez y nos dio estos \u00faltimos tiempos la oportunidad de conversar de manera personal\u00bb.<\/span><\/p>\n<\/p>\n<p><span class=\"text1noticias\">   \u00abUno tiene que agradecer esas instancias de haber conocido un hombre que la pele\u00f3 siempre, y esta \u00faltima batalla que todos supon\u00edamos no pod\u00eda ganar, la dio con mucho coraje y con mucha serenidad, propio de c\u00f3mo fue su vida\u00bb, afirm\u00f3.<\/span><\/p>\n<\/p>\n<p><span class=\"text1noticias\">   El ex presidente Jos\u00e9 Mujica (2010-2015), del FA, agradeci\u00f3 a V\u00e1zquez \u00abpor tu esp\u00edritu cient\u00edfico en la manera de analizar las cosas, en tu se\u00f1or\u00edo de verdadero compromiso con la causa de los postergados\u00bb.<\/span><\/p>\n<p><span class=\"text1noticias\">   \u00abHasta siempre, y la mejor manera de recordarte es luchar por tus banderas\u00bb, concluy\u00f3 un emocionado Mujica.<\/span><\/p>\n<\/p>\n<p><span class=\"text1noticias\">   Dirigentes de todos los partidos pol\u00edticos lamentaron la noticia y destacaron los valores democr\u00e1ticos y republicanos del ex presidente.<\/span><\/p>\n<\/p>\n<p><span class=\"text1noticias\">   \u00abLamento la triste noticia del fallecimiento del Dr. Tabar\u00e9 V\u00e1zquez. Fue un hombre de Estado, Dem\u00f3crata y Republicano\u00bb, se\u00f1al\u00f3 la vicepresidenta uruguaya, Beatriz Argim\u00f3n.<\/span><\/p>\n<\/p>\n<p><span class=\"text1noticias\">   Para el ministro de Ambiente, Adri\u00e1n Pe\u00f1a, del Partido Colorado (PC), que integra la coalici\u00f3n de gobierno, \u00abV\u00e1zquez honr\u00f3 desde sus gobiernos a la Rep\u00fablica\u00bb, y record\u00f3 que como \u00abhijo de una familia obrera se destac\u00f3 como profesional, llegando al m\u00e1ximo honor para un ciudadano\u00bb.<\/span><\/p>\n<\/p>\n<p><span class=\"text1noticias\">   El FA se\u00f1al\u00f3 en un comunicado que su presidente de honor, Tabar\u00e9 V\u00e1zquez, es un \u00abejemplo de integridad pol\u00edtica y compromiso inquebrantable con nuestro pa\u00eds y la gente\u00bb, y \u00abnos impulsar\u00e1 a continuar su legado\u00bb.<\/span><\/p>\n<\/p>\n<p><span class=\"text1noticias\">   La intendenta de Montevideo, Carolina Cosse, del FA, escribi\u00f3 que el ex mandatario \u00absiempre estar\u00e1 con nosotros. Siempre\u00bb.<\/span><\/p>\n<\/p>\n<p><span class=\"text1noticias\">   Los restos de V\u00e1zquez fueron sepultados hoy a la tarde en una ceremonia \u00edntima en el Cementerio de La Teja, el barrio obrero del oeste de Montevideo donde vivi\u00f3 hasta su juventud.<\/span><\/p>\n<\/p>\n<p><span class=\"text1noticias\">   El ata\u00fad cubierto por el pabell\u00f3n nacional ingres\u00f3 al camposanto acompa\u00f1ado por un pu\u00f1ado de familiares y cargado por los hijos del ex mandatario.<\/span><\/p>\n<\/p>\n<p><span class=\"text1noticias\">   Tras una breve ceremonia religiosa y luego de recibir honores militares como ex jefe de Estado, un hijo y un nieto colocaron en el f\u00e9retro una bandera del FA y otra de Progreso, el club de f\u00fatbol de La Teja del que era hincha y que presidi\u00f3 en la d\u00e9cada de 1980.  El cortejo f\u00fanebre hab\u00eda partido desde el Centro de la capital uruguaya y fue saludado por miles de personas con banderas del FA y de Uruguay.<\/span><\/p>\n<\/p>\n<p><span class=\"text1noticias\">   \u00ab\u00a1Gracias Tabar\u00e9!\u00bb y \u00abPresidente\u00bb fueron algunos gritos que se repitieron mientras varias personas expresaban su dolor en silencio o derramando l\u00e1grimas.<\/span><\/p>\n<\/p>\n<p><span class=\"text1noticias\">   El gobierno decret\u00f3 ante el fallecimiento tres d\u00edas de duelo nacional, el 6, 7 y 8 de diciembre, con bandera a media asta en todas las reparticiones del Estado, dentro del pa\u00eds y en el exterior.<\/span><\/p>\n<\/p>\n<p><span class=\"text1noticias\">   V\u00e1zquez fue el primer presidente de izquierda del pa\u00eds, quien gobern\u00f3 para el Frente Amplio en dos periodos, y el primer intendente de izquierda al ocupar el gobierno departamental de Montevideo de 1990 a 1994. F<\/span>in<\/p>\n<h6> 2020-12-06 23:03:53 <\/h6>\n<p><!--\n<link rel=\"stylesheet\" href=\"css\/bootstrap.min.css\">\n\n\n<ul class=\"pagination\">\n\t    \n\t\n\n<li >\n\t<a href='?page_no=378'>Previous<\/a>\n\t<\/li>\n\n\n       \n    \n\n<li><a href='?page_no=1'>1<\/a><\/li>\n\n\n\n<li><a href='?page_no=2'>2<\/a><\/li>\n\n\n\n<li><a>...<\/a><\/li>\n\n\n\n<li><a href='?page_no=377'>377<\/a><\/li>\n\n\n\n<li><a href='?page_no=378'>378<\/a><\/li>\n\n\n\n<li class='active'><a>379<\/a><\/li>\n\n\n\n<li><a href='?page_no=380'>380<\/a><\/li>\n\n\n\n<li><a href='?page_no=381'>381<\/a><\/li>\n\n\n\n<li><a>...<\/a><\/li>\n\n\n\n<li><a href='?page_no=446'>446<\/a><\/li>\n\n\n\n<li><a href='?page_no=447'>447<\/a><\/li>\n\n    \n\t\n\n<li >\n\t<a href='?page_no=380'>Next<\/a>\n\t<\/li>\n\n\n    \n\n<li><a href='?page_no=447'>Last &rsaquo;&rsaquo;<\/a><\/li>\n\n<\/ul>\n\n\n--><br \/>\n<\/body><\/p>\n","protected":false},"excerpt":{"rendered":"<p>diariodominicano.com Por Gerardo Laborde MONTEVIDEO, 6 dic (Xinhua) &#8212; Uruguay despidi\u00f3 hoy domingo con honores al dos veces presidente, Tabar\u00e9 V\u00e1zquez (2005-2010, 2015-2020), quien condujo a la izquierda (Frente Amplio, FA) por primera vez al poder hace 15 a\u00f1os. \u00abHoy, a la hora 3:00 (hora local), mientras descansaba en su hogar, acompa\u00f1ado de algunos familiares [&hellip;]<\/p>\n","protected":false},"author":3,"featured_media":0,"comment_status":"open","ping_status":"open","sticky":false,"template":"","format":"standard","meta":{"footnotes":""},"categories":[23],"tags":[],"class_list":["post-261071","post","type-post","status-publish","format-standard","hentry","category-internacional"],"_links":{"self":[{"href":"https:\/\/diariodominicano.com\/index.php?rest_route=\/wp\/v2\/posts\/261071","targetHints":{"allow":["GET"]}}],"collection":[{"href":"https:\/\/diariodominicano.com\/index.php?rest_route=\/wp\/v2\/posts"}],"about":[{"href":"https:\/\/diariodominicano.com\/index.php?rest_route=\/wp\/v2\/types\/post"}],"author":[{"embeddable":true,"href":"https:\/\/diariodominicano.com\/index.php?rest_route=\/wp\/v2\/users\/3"}],"replies":[{"embeddable":true,"href":"https:\/\/diariodominicano.com\/index.php?rest_route=%2Fwp%2Fv2%2Fcomments&post=261071"}],"version-history":[{"count":0,"href":"https:\/\/diariodominicano.com\/index.php?rest_route=\/wp\/v2\/posts\/261071\/revisions"}],"wp:attachment":[{"href":"https:\/\/diariodominicano.com\/index.php?rest_route=%2Fwp%2Fv2%2Fmedia&parent=261071"}],"wp:term":[{"taxonomy":"category","embeddable":true,"href":"https:\/\/diariodominicano.com\/index.php?rest_route=%2Fwp%2Fv2%2Fcategories&post=261071"},{"taxonomy":"post_tag","embeddable":true,"href":"https:\/\/diariodominicano.com\/index.php?rest_route=%2Fwp%2Fv2%2Ftags&post=261071"}],"curies":[{"name":"wp","href":"https:\/\/api.w.org\/{rel}","templated":true}]}}