{"id":261070,"date":"2020-12-07T00:41:11","date_gmt":"2020-12-07T00:41:11","guid":{"rendered":"http:\/\/diariodominicano.ddns.net\/?p=261070"},"modified":"2020-12-07T00:41:11","modified_gmt":"2020-12-07T00:41:11","slug":"mandos-militares-destacan-normalidad-de-comicios-en-venezuela","status":"publish","type":"post","link":"https:\/\/diariodominicano.com\/?p=261070","title":{"rendered":"Mandos militares destacan normalidad de comicios en Venezuela"},"content":{"rendered":"<p><body><\/p>\n<p><img decoding=\"async\" src=\"img3\/Vladimir-Padrino.jpg\" \/>  <\/p>\n<p><strong>Diariodominicano.com<\/strong><\/p>\n<p><strong>Mandos militares destacan normalidad de comicios en Venezuela<\/strong><\/p>\n<p><strong>Caracas, 6 dic (Prensa Latina<\/strong>) El ministro de Defensa de Venezuela, Vladimir Padrino, inform\u00f3 hoy que durante la jornada no se presentaron incidencias negativas que afectaran el proceso de elecciones parlamentarias.<\/p>\n<\/p>\n<p>Desde la sede del Comando Estrat\u00e9gico Operacional de la Fuerza Armada Nacional Bolivariana (Ceaofanb) en Caracas ofreci\u00f3 un balance de la jornada y se\u00f1al\u00f3, &#8216;no hay mucho que decir, porque pr\u00e1cticamente el proceso transcurri\u00f3 desde sus inicios, hasta hoy en la ma\u00f1ana, en la madrugada, cuando comenzamos a dar vueltas, no se present\u00f3 ninguna incidencia, de car\u00e1cter negativo&#8217;.<\/p>\n<\/p>\n<p>Indic\u00f3 que el Plan 76 garantiz\u00f3 la paz de la Rep\u00fablica, el cual continuar\u00e1 activado, y reiter\u00f3 las restricciones en torno al expendio de licores y las reuniones masivas.<\/p>\n<\/p>\n<p>En declaraciones transmitidas por Venezolana de Televisi\u00f3n, Padrino resalt\u00f3 que el pueblo de Venezuela tuvo una actitud positiva y destac\u00f3 la preparaci\u00f3n y capacidad de la Fuerza Armada Nacional Bolivariana (FANB) es una causalidad que result\u00f3 en una jornada electoral favorable para la paz y democracia.<\/p>\n<\/p>\n<p>Felicit\u00f3 a los venezolanos por el civismo y la disciplina con que se comport\u00f3 durante la jornada, &#8216;han dado una nueva respuesta a quienes quieren llevarnos por un camino fratricida; el pueblo ha hablado y hay que respetarlo&#8217;.<\/p>\n<\/p>\n<p>Por su parte, el jefe del Ceofanb, Remigio Ceballos, explic\u00f3 que el Plan Rep\u00fablica se mantendr\u00e1 activo para la elecci\u00f3n de los representantes ind\u00edgenas de la Asamblea Nacional.<\/p>\n<\/p>\n<p>&#8216;La Operaci\u00f3n se mantiene y pasamos a una etapa para atender a la elecci\u00f3n de los representantes de nuestras etnias ind\u00edgenas en el Parlamento, por lo que comienza la fase de despliegue en centros de votaci\u00f3n de 10 estados del pa\u00eds&#8217;, indic\u00f3.<\/p>\n<\/p>\n<p>Agreg\u00f3 que desde el Ceofanb las operaciones se mantienen para garantizar la paz de la Rep\u00fablica y los derechos constitucionales, tal como se efectu\u00f3 este domingo en los comicios parlamentarios.<\/p>\n<\/p>\n<p>Por su parte, la ministra de Relaciones Interiores, Justicia y Paz, Carmen Melendez, felicit\u00f3 a los venezolanos por participar en el proceso electoral de este 6 de diciembre, para elegir a sus representantes en el Poder Legislativo que se instalar\u00e1 el 5 de enero de 2021.<\/p>\n<\/p>\n<p>Asimismo, reconoci\u00f3 el trabajo hecho por la FANB, los funcionarios del Consejo Nacional Electoral, los fiscales desplegados para cubrir cualquier delito electoral y a los m\u00e1s de 108 mil funcionarios de organismos de seguridad ciudadana, que se pusieron al mando del Ceofanb, para cumplir con la misi\u00f3n.<\/p>\n<\/p>\n<p>jha\/ycv<\/p>\n<h6> 2020-12-07 00:41:11 <\/h6>\n<p><!--\n<link rel=\"stylesheet\" href=\"css\/bootstrap.min.css\">\n\n\n<ul class=\"pagination\">\n\t    \n\t\n\n<li >\n\t<a href='?page_no=377'>Previous<\/a>\n\t<\/li>\n\n\n       \n    \n\n<li><a href='?page_no=1'>1<\/a><\/li>\n\n\n\n<li><a href='?page_no=2'>2<\/a><\/li>\n\n\n\n<li><a>...<\/a><\/li>\n\n\n\n<li><a href='?page_no=376'>376<\/a><\/li>\n\n\n\n<li><a href='?page_no=377'>377<\/a><\/li>\n\n\n\n<li class='active'><a>378<\/a><\/li>\n\n\n\n<li><a href='?page_no=379'>379<\/a><\/li>\n\n\n\n<li><a href='?page_no=380'>380<\/a><\/li>\n\n\n\n<li><a>...<\/a><\/li>\n\n\n\n<li><a href='?page_no=446'>446<\/a><\/li>\n\n\n\n<li><a href='?page_no=447'>447<\/a><\/li>\n\n    \n\t\n\n<li >\n\t<a href='?page_no=379'>Next<\/a>\n\t<\/li>\n\n\n    \n\n<li><a href='?page_no=447'>Last &rsaquo;&rsaquo;<\/a><\/li>\n\n<\/ul>\n\n\n--><br \/>\n<\/body><\/p>\n","protected":false},"excerpt":{"rendered":"<p>Diariodominicano.com Mandos militares destacan normalidad de comicios en Venezuela Caracas, 6 dic (Prensa Latina) El ministro de Defensa de Venezuela, Vladimir Padrino, inform\u00f3 hoy que durante la jornada no se presentaron incidencias negativas que afectaran el proceso de elecciones parlamentarias. Desde la sede del Comando Estrat\u00e9gico Operacional de la Fuerza Armada Nacional Bolivariana (Ceaofanb) en [&hellip;]<\/p>\n","protected":false},"author":3,"featured_media":0,"comment_status":"open","ping_status":"open","sticky":false,"template":"","format":"standard","meta":{"footnotes":""},"categories":[23],"tags":[],"class_list":["post-261070","post","type-post","status-publish","format-standard","hentry","category-internacional"],"_links":{"self":[{"href":"https:\/\/diariodominicano.com\/index.php?rest_route=\/wp\/v2\/posts\/261070","targetHints":{"allow":["GET"]}}],"collection":[{"href":"https:\/\/diariodominicano.com\/index.php?rest_route=\/wp\/v2\/posts"}],"about":[{"href":"https:\/\/diariodominicano.com\/index.php?rest_route=\/wp\/v2\/types\/post"}],"author":[{"embeddable":true,"href":"https:\/\/diariodominicano.com\/index.php?rest_route=\/wp\/v2\/users\/3"}],"replies":[{"embeddable":true,"href":"https:\/\/diariodominicano.com\/index.php?rest_route=%2Fwp%2Fv2%2Fcomments&post=261070"}],"version-history":[{"count":0,"href":"https:\/\/diariodominicano.com\/index.php?rest_route=\/wp\/v2\/posts\/261070\/revisions"}],"wp:attachment":[{"href":"https:\/\/diariodominicano.com\/index.php?rest_route=%2Fwp%2Fv2%2Fmedia&parent=261070"}],"wp:term":[{"taxonomy":"category","embeddable":true,"href":"https:\/\/diariodominicano.com\/index.php?rest_route=%2Fwp%2Fv2%2Fcategories&post=261070"},{"taxonomy":"post_tag","embeddable":true,"href":"https:\/\/diariodominicano.com\/index.php?rest_route=%2Fwp%2Fv2%2Ftags&post=261070"}],"curies":[{"name":"wp","href":"https:\/\/api.w.org\/{rel}","templated":true}]}}