{"id":261068,"date":"2020-12-07T10:50:55","date_gmt":"2020-12-07T10:50:55","guid":{"rendered":"http:\/\/diariodominicano.ddns.net\/?p=261068"},"modified":"2020-12-07T10:50:55","modified_gmt":"2020-12-07T10:50:55","slug":"el-condado-de-los-angeles-registra-por-primera-vez-mas-de-10-000-nuevos-contagios-diarios-por-covid-19","status":"publish","type":"post","link":"https:\/\/diariodominicano.com\/?p=261068","title":{"rendered":"El condado de Los \u00c1ngeles registra por primera vez m\u00e1s de 10.000 nuevos contagios diarios por COVID-19"},"content":{"rendered":"<p><body><\/p>\n<p><img decoding=\"async\" src=\"http:\/\/localhost:8080\/img3\/california6-12-20.jpg\" \/>  <\/p>\n<p><span class=\"text1noticias\">diariodominicano.com<\/span><\/p>\n<p><span class=\"text1noticias\"> <\/span><\/p>\n<p><span class=\"text1noticias\">LOS \u00c1NGELES, 6 dic (Xinhua) &#8212; El condado de Los \u00c1ngeles, el m\u00e1s poblado de Estados Unidos, alcanz\u00f3 otro r\u00e9cord alarmante durante la pandemia de COVID-19 al superar el domingo, por primera vez, los 10.000 nuevos casos diarios.<\/span><\/p>\n<p><span class=\"text1noticias\"> <\/span><\/p>\n<p><span class=\"text1noticias\">El condado confirm\u00f3 el domingo 10.528 nuevas infecciones, el quinto r\u00e9cord en los \u00faltimos seis d\u00edas, adem\u00e1s de reportar otras 23 muertes por la enfermedad.<\/span><\/p>\n<p><span class=\"text1noticias\"> <\/span><\/p>\n<p><span class=\"text1noticias\">El n\u00famero de personas hospitalizadas con COVID-19 en el condado, que tiene una poblaci\u00f3n de m\u00e1s de 10 millones de habitantes, tambi\u00e9n lleg\u00f3 a un nuevo m\u00e1ximo, de las 2.769 del s\u00e1bado a las actuales 2.855.<\/span><\/p>\n<p><span class=\"text1noticias\"> <\/span><\/p>\n<p><span class=\"text1noticias\">Estas cifras preocupantes se dan a conocer varias horas antes de que en toda la regi\u00f3n de California del Sur se impongan las nuevas restricciones de salud destinadas a detener el r\u00e1pido aumento de hospitalizaciones y evitar que las unidades de cuidados intensivos (UCI) se sobrecarguen al m<\/span>\u00e1ximo.<\/p>\n<\/p>\n<p><span class=\"text1noticias\">(Multimedia)  <\/span><\/p>\n<p><span class=\"text1noticias\">Imagen del 30 de noviembre de 2020 de un hombre portando una mascarilla mientras camina frente a un comedor separado con cubiertas de pl\u00e1stico, en el condado de Los Angeles, Estados Unidos. (Xinhua\/Str)<\/span><\/p>\n<h6> 2020-12-07 10:50:55 <\/h6>\n<p><!--\n<link rel=\"stylesheet\" href=\"css\/bootstrap.min.css\">\n\n\n<ul class=\"pagination\">\n\t    \n\t\n\n<li >\n\t<a href='?page_no=375'>Previous<\/a>\n\t<\/li>\n\n\n       \n    \n\n<li><a href='?page_no=1'>1<\/a><\/li>\n\n\n\n<li><a href='?page_no=2'>2<\/a><\/li>\n\n\n\n<li><a>...<\/a><\/li>\n\n\n\n<li><a href='?page_no=374'>374<\/a><\/li>\n\n\n\n<li><a href='?page_no=375'>375<\/a><\/li>\n\n\n\n<li class='active'><a>376<\/a><\/li>\n\n\n\n<li><a href='?page_no=377'>377<\/a><\/li>\n\n\n\n<li><a href='?page_no=378'>378<\/a><\/li>\n\n\n\n<li><a>...<\/a><\/li>\n\n\n\n<li><a href='?page_no=446'>446<\/a><\/li>\n\n\n\n<li><a href='?page_no=447'>447<\/a><\/li>\n\n    \n\t\n\n<li >\n\t<a href='?page_no=377'>Next<\/a>\n\t<\/li>\n\n\n    \n\n<li><a href='?page_no=447'>Last &rsaquo;&rsaquo;<\/a><\/li>\n\n<\/ul>\n\n\n--><br \/>\n<\/body><\/p>\n","protected":false},"excerpt":{"rendered":"<p>diariodominicano.com LOS \u00c1NGELES, 6 dic (Xinhua) &#8212; El condado de Los \u00c1ngeles, el m\u00e1s poblado de Estados Unidos, alcanz\u00f3 otro r\u00e9cord alarmante durante la pandemia de COVID-19 al superar el domingo, por primera vez, los 10.000 nuevos casos diarios. El condado confirm\u00f3 el domingo 10.528 nuevas infecciones, el quinto r\u00e9cord en los \u00faltimos seis d\u00edas, [&hellip;]<\/p>\n","protected":false},"author":3,"featured_media":0,"comment_status":"open","ping_status":"open","sticky":false,"template":"","format":"standard","meta":{"footnotes":""},"categories":[23],"tags":[],"class_list":["post-261068","post","type-post","status-publish","format-standard","hentry","category-internacional"],"_links":{"self":[{"href":"https:\/\/diariodominicano.com\/index.php?rest_route=\/wp\/v2\/posts\/261068","targetHints":{"allow":["GET"]}}],"collection":[{"href":"https:\/\/diariodominicano.com\/index.php?rest_route=\/wp\/v2\/posts"}],"about":[{"href":"https:\/\/diariodominicano.com\/index.php?rest_route=\/wp\/v2\/types\/post"}],"author":[{"embeddable":true,"href":"https:\/\/diariodominicano.com\/index.php?rest_route=\/wp\/v2\/users\/3"}],"replies":[{"embeddable":true,"href":"https:\/\/diariodominicano.com\/index.php?rest_route=%2Fwp%2Fv2%2Fcomments&post=261068"}],"version-history":[{"count":0,"href":"https:\/\/diariodominicano.com\/index.php?rest_route=\/wp\/v2\/posts\/261068\/revisions"}],"wp:attachment":[{"href":"https:\/\/diariodominicano.com\/index.php?rest_route=%2Fwp%2Fv2%2Fmedia&parent=261068"}],"wp:term":[{"taxonomy":"category","embeddable":true,"href":"https:\/\/diariodominicano.com\/index.php?rest_route=%2Fwp%2Fv2%2Fcategories&post=261068"},{"taxonomy":"post_tag","embeddable":true,"href":"https:\/\/diariodominicano.com\/index.php?rest_route=%2Fwp%2Fv2%2Ftags&post=261068"}],"curies":[{"name":"wp","href":"https:\/\/api.w.org\/{rel}","templated":true}]}}