{"id":261067,"date":"2020-12-07T11:31:42","date_gmt":"2020-12-07T11:31:42","guid":{"rendered":"http:\/\/diariodominicano.ddns.net\/?p=261067"},"modified":"2020-12-07T11:31:42","modified_gmt":"2020-12-07T11:31:42","slug":"vaticano-anuncia-el-primer-viaje-del-papa-francisco-tras-la-pandemia-de-coronavirus","status":"publish","type":"post","link":"https:\/\/diariodominicano.com\/?p=261067","title":{"rendered":"Vaticano anuncia el primer viaje del Papa Francisco tras la pandemia de coronavirus"},"content":{"rendered":"<p><body><\/p>\n<p><img decoding=\"async\" src=\"http:\/\/localhost:8080\/img3\/PapaFco7-12-20.jpg\" \/>  <\/p>\n<p><span class=\"text1noticias\"> <\/span><\/p>\n<p><span class=\"text1noticias\">diariodominicano.com<\/span><\/p>\n<\/p>\n<p>Redacci\u00f3n ACI Prensa<\/p>\n<p><span class=\"text1noticias\"> Vaticano, 7 de diciembre, 2020.- El Papa Francisco realizar\u00e1 un viaje apost\u00f3lico a Irak del 5 al 8 de marzo de 2021.<\/span><\/p>\n<p><span class=\"text1noticias\"> <\/span><\/p>\n<p><span class=\"text1noticias\">Seg\u00fan inform\u00f3 este lunes 7 de diciembre el director de la oficina de prensa de la Santa Sede, Matteo Bruni, el viaje del Pont\u00edfice a este pa\u00eds \u00e1rabe incluir\u00e1 la capital, Bagdad, la llanura de Ur, vinculada a la memoria de Abraham, y las ciudades de Erbil, Mosul y Qaraqosh, en la llanura de N\u00ednive.<\/span><\/p>\n<p><span class=\"text1noticias\"> <\/span><\/p>\n<p><span class=\"text1noticias\">Se trata del primer viaje que el Pont\u00edfice realizar\u00e1 desde el inicio de la pandemia de coronavirus, ya que durante el a\u00f1o 2020 el Papa no realiz\u00f3 ning\u00fan viaje apost\u00f3lico internacional como medida de prevenci\u00f3n ante posibles contagios del COVID-19.<\/span><\/p>\n<p><span class=\"text1noticias\"> <\/span><\/p>\n<p><span class=\"text1noticias\">De este modo, el Papa Francisco acepta la invitaci\u00f3n de la Rep\u00fablica de Irak y de los Obispos cat\u00f3licos locales.<\/span><\/p>\n<p><span class=\"text1noticias\"> <\/span><\/p>\n<p><span class=\"text1noticias\">Supone tambi\u00e9n un signo de cercan\u00eda del Pont\u00edfice a los habitantes de este pa\u00eds, duramente castigados por la guerra iniciada tras la ocupaci\u00f3n de las tropas de Estados Unidos en 2003 para derrocar el r\u00e9gimen de Sadam Hussein y la ofensiva de los terroristas de Estado Isl\u00e1mico en el verano de 2014.<\/span><\/p>\n<p><span class=\"text1noticias\"> <\/span><\/p>\n<p><span class=\"text1noticias\"> <\/span><\/p>\n<p><span class=\"text1noticias\">Precisamente, la regi\u00f3n de la llanura de N\u00ednive fue la m\u00e1s castigada por los terroristas. La llanura de N\u00ednive acog\u00eda antes de la guerra a muchas comunidades cristianas. Se trata de una regi\u00f3n con una presencia cristiana hist\u00f3rica que se remonta a los or\u00edgenes del cristianismo.<\/span><\/p>\n<p><span class=\"text1noticias\"> <\/span><\/p>\n<p><span class=\"text1noticias\">Tras la ocupaci\u00f3n del territorio, muchos cristianos huyeron de Mosul, Qaraqosh y otros pueblos y aldeas de los alrededores, y se refugiaron en el Kurdist\u00e1n iraqu\u00ed, al norte de la llanura.<\/span><\/p>\n<p><span class=\"text1noticias\"> <\/span><\/p>\n<p><span class=\"text1noticias\">La capital del Kurdist\u00e1n iraqu\u00ed, Erbil, se convirti\u00f3 entonces en un signo del exilio y la resistencia cristiana y de otras minor\u00edas religiosas, como los yazid\u00edes, y los musulmanes contrarios al Estado Isl\u00e1mico.<\/span><\/p>\n<p><span class=\"text1noticias\"> <\/span><\/p>\n<p><span class=\"text1noticias\">El hecho de que el Papa vaya a visitar precisamente las ciudades de Mosul, Qaraqosh y Erbil significa un s\u00edmbolo de cercan\u00eda y apoyo del Sumo Pont\u00edfice a los cristianos locales.<\/span><\/p>\n<p><span class=\"text1noticias\"> <\/span><\/p>\n<p><span class=\"text1noticias\">El 25 de enero de 2020 el Papa Francisco recibi\u00f3 en el Vaticano al presidente de la Rep\u00fablica de Irak, Barham Salih, cita en la que se\u00f1alaron la importancia de preservar a los cristianos en el pa\u00eds al garantizarles seguridad.<\/span><\/p>\n<p><span class=\"text1noticias\"> <\/span><\/p>\n<p><span class=\"text1noticias\">Durante esa audiencia privada el Pont\u00edfice y el presidente de Irak \u00abdestacaron la importancia de preservar la presencia histo?rica de los cristianos en el pai?s, del que son parte integrante, y su significativa contribucio?n a la reconstruccio?n del tejido social, evidenciando la necesidad de garantizarles seguridad y un lugar en el futuro de Irak\u00bb, seg\u00fan inform\u00f3 la Oficina de Prensa de la Santa Sede.<\/span><\/p>\n<p><span class=\"text1noticias\"> <\/span><\/p>\n<p><span class=\"text1noticias\">Adem\u00e1s, el Santo Padre abord\u00f3 con el presidente de Irak \u00ablos desaf\u00edos que actualmente enfrenta el pai?s\u00bb y juntos \u00abanalizaron los diferentes conflictos y las graves crisis humanitarias que afligen a la regio?n\u00bb.<\/span><\/p>\n<p><span class=\"text1noticias\"> <\/span><\/p>\n<p><span class=\"text1noticias\">Por \u00faltimo, en la audiencia se\u00f1alaron tambi\u00e9n \u00abla importancia de favorecer la estabilidad y el proceso de reconstruccio?n, alentando la vi?a del dia?logo y la bu?squeda de soluciones adecuadas en favor de los ciudadanos y en el respeto de la soberani?a nacional\u00bb.<\/span><\/p>\n<p><span class=\"text1noticias\"> <\/span><\/p>\n<p><span class=\"text1noticias\">n la Navidad de 2018, el Papa Francisco envi\u00f3 a Irak al Secretario de Estado Vaticano, Cardenal Pietro Parolin, para que pasara esos d\u00edas con la comunidad local.<\/span><\/p>\n<p><span class=\"text1noticias\"> <\/span><\/p>\n<p><span class=\"text1noticias\">En tal visita, el Cardenal Parolin celebr\u00f3 Misa en Bagdad y visit\u00f3 Qaraqosh, la principal ciudad de la provincia de N\u00ednive, que estuvo ocupada durante dos a\u00f1os por el Estado Isl\u00e1mico.<\/span><\/p>\n<p><span class=\"text1noticias\"> <\/span><\/p>\n<p><span class=\"text1noticias\">El Cardenal Parolin les asegur\u00f3 que el Papa Francisco \u00ablos lleva a su coraz\u00f3n y siempre ora por ustedes\u00bb.<\/span><\/p>\n<p><span class=\"text1noticias\"> <\/span><\/p>\n<p><span class=\"text1noticias\">\u00abGracias por su testimonio de fe, probada tambi\u00e9n por el sufrimiento y el martirio. Este testimonio ha sido y sigue siendo un tesoro para toda la Iglesia. Permanezcan firmes en la fe y el amor\u00bb, dijo el Purpurado.<\/span><\/p>\n<p><span class=\"text1noticias\"> <\/span><\/p>\n<p><span class=\"text1noticias\">Seg\u00fan datos de la Fundaci\u00f3n Ayuda a la Iglesia Necesitada, la invasi\u00f3n de Estado Isl\u00e1mico provoc\u00f3 que el 75% de los cristianos de Irak y Siria huyera de sus pa<\/span>\u00edses.<\/p>\n<\/p>\n<h6> 2020-12-07 11:31:42 <\/h6>\n<p><!--\n<link rel=\"stylesheet\" href=\"css\/bootstrap.min.css\">\n\n\n<ul class=\"pagination\">\n\t    \n\t\n\n<li >\n\t<a href='?page_no=374'>Previous<\/a>\n\t<\/li>\n\n\n       \n    \n\n<li><a href='?page_no=1'>1<\/a><\/li>\n\n\n\n<li><a href='?page_no=2'>2<\/a><\/li>\n\n\n\n<li><a>...<\/a><\/li>\n\n\n\n<li><a href='?page_no=373'>373<\/a><\/li>\n\n\n\n<li><a href='?page_no=374'>374<\/a><\/li>\n\n\n\n<li class='active'><a>375<\/a><\/li>\n\n\n\n<li><a href='?page_no=376'>376<\/a><\/li>\n\n\n\n<li><a href='?page_no=377'>377<\/a><\/li>\n\n\n\n<li><a>...<\/a><\/li>\n\n\n\n<li><a href='?page_no=446'>446<\/a><\/li>\n\n\n\n<li><a href='?page_no=447'>447<\/a><\/li>\n\n    \n\t\n\n<li >\n\t<a href='?page_no=376'>Next<\/a>\n\t<\/li>\n\n\n    \n\n<li><a href='?page_no=447'>Last &rsaquo;&rsaquo;<\/a><\/li>\n\n<\/ul>\n\n\n--><br \/>\n<\/body><\/p>\n","protected":false},"excerpt":{"rendered":"<p>diariodominicano.com Redacci\u00f3n ACI Prensa Vaticano, 7 de diciembre, 2020.- El Papa Francisco realizar\u00e1 un viaje apost\u00f3lico a Irak del 5 al 8 de marzo de 2021. Seg\u00fan inform\u00f3 este lunes 7 de diciembre el director de la oficina de prensa de la Santa Sede, Matteo Bruni, el viaje del Pont\u00edfice a este pa\u00eds \u00e1rabe incluir\u00e1 [&hellip;]<\/p>\n","protected":false},"author":3,"featured_media":0,"comment_status":"open","ping_status":"open","sticky":false,"template":"","format":"standard","meta":{"footnotes":""},"categories":[23],"tags":[],"class_list":["post-261067","post","type-post","status-publish","format-standard","hentry","category-internacional"],"_links":{"self":[{"href":"https:\/\/diariodominicano.com\/index.php?rest_route=\/wp\/v2\/posts\/261067","targetHints":{"allow":["GET"]}}],"collection":[{"href":"https:\/\/diariodominicano.com\/index.php?rest_route=\/wp\/v2\/posts"}],"about":[{"href":"https:\/\/diariodominicano.com\/index.php?rest_route=\/wp\/v2\/types\/post"}],"author":[{"embeddable":true,"href":"https:\/\/diariodominicano.com\/index.php?rest_route=\/wp\/v2\/users\/3"}],"replies":[{"embeddable":true,"href":"https:\/\/diariodominicano.com\/index.php?rest_route=%2Fwp%2Fv2%2Fcomments&post=261067"}],"version-history":[{"count":0,"href":"https:\/\/diariodominicano.com\/index.php?rest_route=\/wp\/v2\/posts\/261067\/revisions"}],"wp:attachment":[{"href":"https:\/\/diariodominicano.com\/index.php?rest_route=%2Fwp%2Fv2%2Fmedia&parent=261067"}],"wp:term":[{"taxonomy":"category","embeddable":true,"href":"https:\/\/diariodominicano.com\/index.php?rest_route=%2Fwp%2Fv2%2Fcategories&post=261067"},{"taxonomy":"post_tag","embeddable":true,"href":"https:\/\/diariodominicano.com\/index.php?rest_route=%2Fwp%2Fv2%2Ftags&post=261067"}],"curies":[{"name":"wp","href":"https:\/\/api.w.org\/{rel}","templated":true}]}}