{"id":261066,"date":"2020-12-07T12:00:09","date_gmt":"2020-12-07T12:00:09","guid":{"rendered":"http:\/\/diariodominicano.ddns.net\/?p=261066"},"modified":"2020-12-07T12:00:09","modified_gmt":"2020-12-07T12:00:09","slug":"ocurre-sismo-de-magnitud-64-en-filipinas","status":"publish","type":"post","link":"https:\/\/diariodominicano.com\/?p=261066","title":{"rendered":"Ocurre sismo de magnitud 6,4 en Filipinas"},"content":{"rendered":"<p><body><\/p>\n<p> diariodominicano.com<\/p>\n<p><span class=\"text1noticias\">   MANILA, 7 dic (Xinhua) &#8212; Un sismo de magnitud preliminar de 6,4 sacudi\u00f3 hoy lunes la provincia de Sorsogon, en la principal isla filipina de Luz\u00f3n, inform\u00f3 el Instituto Filipino de Sismolog\u00eda y Vulcanolog\u00eda (Phivolcs).<\/span><\/p>\n<\/p>\n<p><span class=\"text1noticias\">   El instituto dijo que el temblor, que tuvo lugar a las 22:37 hora local, se present\u00f3 a una profundidad de 30 kil\u00f3metros, a 38 kil\u00f3metros al noreste de la ciudad de Prieto D\u00edaz, al sureste de Manila.<\/span><\/p>\n<\/p>\n<p><span class=\"text1noticias\">   El instituto dijo que el sismo, de origen tect\u00f3nico, provocar\u00e1 r\u00e9plicas y no causar\u00e1 da\u00f1os.<\/span><\/p>\n<\/p>\n<p><span class=\"text1noticias\">   Filipinas tiene una actividad s\u00edsmica frecuente debido a su ubicaci\u00f3n a lo largo del \u00abCintur\u00f3n de Fuego\u00bb del Pac\u00edfico, que es propenso a temblores. Fin<\/span><\/p>\n<h6> 2020-12-07 12:00:09 <\/h6>\n<p><!--\n<link rel=\"stylesheet\" href=\"css\/bootstrap.min.css\">\n\n\n<ul class=\"pagination\">\n\t    \n\t\n\n<li >\n\t<a href='?page_no=373'>Previous<\/a>\n\t<\/li>\n\n\n       \n    \n\n<li><a href='?page_no=1'>1<\/a><\/li>\n\n\n\n<li><a href='?page_no=2'>2<\/a><\/li>\n\n\n\n<li><a>...<\/a><\/li>\n\n\n\n<li><a href='?page_no=372'>372<\/a><\/li>\n\n\n\n<li><a href='?page_no=373'>373<\/a><\/li>\n\n\n\n<li class='active'><a>374<\/a><\/li>\n\n\n\n<li><a href='?page_no=375'>375<\/a><\/li>\n\n\n\n<li><a href='?page_no=376'>376<\/a><\/li>\n\n\n\n<li><a>...<\/a><\/li>\n\n\n\n<li><a href='?page_no=446'>446<\/a><\/li>\n\n\n\n<li><a href='?page_no=447'>447<\/a><\/li>\n\n    \n\t\n\n<li >\n\t<a href='?page_no=375'>Next<\/a>\n\t<\/li>\n\n\n    \n\n<li><a href='?page_no=447'>Last &rsaquo;&rsaquo;<\/a><\/li>\n\n<\/ul>\n\n\n--><br \/>\n<\/body><\/p>\n","protected":false},"excerpt":{"rendered":"<p>diariodominicano.com MANILA, 7 dic (Xinhua) &#8212; Un sismo de magnitud preliminar de 6,4 sacudi\u00f3 hoy lunes la provincia de Sorsogon, en la principal isla filipina de Luz\u00f3n, inform\u00f3 el Instituto Filipino de Sismolog\u00eda y Vulcanolog\u00eda (Phivolcs). El instituto dijo que el temblor, que tuvo lugar a las 22:37 hora local, se present\u00f3 a una profundidad [&hellip;]<\/p>\n","protected":false},"author":3,"featured_media":0,"comment_status":"open","ping_status":"open","sticky":false,"template":"","format":"standard","meta":{"footnotes":""},"categories":[23],"tags":[],"class_list":["post-261066","post","type-post","status-publish","format-standard","hentry","category-internacional"],"_links":{"self":[{"href":"https:\/\/diariodominicano.com\/index.php?rest_route=\/wp\/v2\/posts\/261066","targetHints":{"allow":["GET"]}}],"collection":[{"href":"https:\/\/diariodominicano.com\/index.php?rest_route=\/wp\/v2\/posts"}],"about":[{"href":"https:\/\/diariodominicano.com\/index.php?rest_route=\/wp\/v2\/types\/post"}],"author":[{"embeddable":true,"href":"https:\/\/diariodominicano.com\/index.php?rest_route=\/wp\/v2\/users\/3"}],"replies":[{"embeddable":true,"href":"https:\/\/diariodominicano.com\/index.php?rest_route=%2Fwp%2Fv2%2Fcomments&post=261066"}],"version-history":[{"count":0,"href":"https:\/\/diariodominicano.com\/index.php?rest_route=\/wp\/v2\/posts\/261066\/revisions"}],"wp:attachment":[{"href":"https:\/\/diariodominicano.com\/index.php?rest_route=%2Fwp%2Fv2%2Fmedia&parent=261066"}],"wp:term":[{"taxonomy":"category","embeddable":true,"href":"https:\/\/diariodominicano.com\/index.php?rest_route=%2Fwp%2Fv2%2Fcategories&post=261066"},{"taxonomy":"post_tag","embeddable":true,"href":"https:\/\/diariodominicano.com\/index.php?rest_route=%2Fwp%2Fv2%2Ftags&post=261066"}],"curies":[{"name":"wp","href":"https:\/\/api.w.org\/{rel}","templated":true}]}}