{"id":261065,"date":"2020-12-07T12:30:15","date_gmt":"2020-12-07T12:30:15","guid":{"rendered":"http:\/\/diariodominicano.ddns.net\/?p=261065"},"modified":"2020-12-07T12:30:15","modified_gmt":"2020-12-07T12:30:15","slug":"putin-y-merkel-discuten-situacion-en-nagorno-karabaj","status":"publish","type":"post","link":"https:\/\/diariodominicano.com\/?p=261065","title":{"rendered":"Putin y Merkel discuten situaci\u00f3n en Nagorno-Karabaj"},"content":{"rendered":"<p><body><\/p>\n<p><img decoding=\"async\" src=\"http:\/\/localhost:8080\/img3\/NagornoKarabaj7-12-20.jpg\" \/>  <\/p>\n<p><span class=\"text1noticias\">diariodominicano.com<\/span><\/p>\n<\/p>\n<p><span class=\"text1noticias\">   MOSCU, 7 dic (Xinhua) &#8212; El presidente ruso, Vladimir Putin, sostuvo una conversaci\u00f3n telef\u00f3nica con la canciller alemana, Angela Merkel, en la que los l\u00edderes intercambiaron opiniones sobre la situaci\u00f3n en Nagorno-Karabaj y otras cuestiones, dijo hoy lunes el Kremlin en un comunicado.<\/span><\/p>\n<\/p>\n<p><span class=\"text1noticias\">   Putin se\u00f1al\u00f3 que los esfuerzos de mediaci\u00f3n de Rusia destinados a lograr un acuerdo pac\u00edfico en la regi\u00f3n de Nagorno-Karabaj y la implementaci\u00f3n del acuerdo alcanzado el 9 de noviembre por los presidentes de Azerbaiy\u00e1n y Rusia y el primer ministro de Armenia han contribuido a la estabilidad regional, se\u00f1ala el comunicado.<\/span><\/p>\n<\/p>\n<p><span class=\"text1noticias\">   Ambos l\u00edderes acordaron seguir trabajando en el marco del Grupo de Minsk de la Organizaci\u00f3n para la Seguridad y la Cooperaci\u00f3n en Europa (OSCE).<\/span><\/p>\n<\/p>\n<p><span class=\"text1noticias\">   Los dirigentes se refirieron adem\u00e1s al conflicto ucraniano, y destacaron que no hay alternativa al acuerdo de Minsk sobre Ucrania y acordaron mantener la cooperaci\u00f3n en el contexto del formato de Normand\u00eda.<\/span><\/p>\n<\/p>\n<p><span class=\"text1noticias\">   Tambi\u00e9n discutieron los esfuerzos conjuntos para combatir la pandemia de la COVID-19, y acordaron aumentar la interacci\u00f3n entre los ministerios de Salud en cuestiones relacionadas con las vacunas.<\/span><\/p>\n<h6> 2020-12-07 12:30:15 <\/h6>\n<p><!--\n<link rel=\"stylesheet\" href=\"css\/bootstrap.min.css\">\n\n\n<ul class=\"pagination\">\n\t    \n\t\n\n<li >\n\t<a href='?page_no=372'>Previous<\/a>\n\t<\/li>\n\n\n       \n    \n\n<li><a href='?page_no=1'>1<\/a><\/li>\n\n\n\n<li><a href='?page_no=2'>2<\/a><\/li>\n\n\n\n<li><a>...<\/a><\/li>\n\n\n\n<li><a href='?page_no=371'>371<\/a><\/li>\n\n\n\n<li><a href='?page_no=372'>372<\/a><\/li>\n\n\n\n<li class='active'><a>373<\/a><\/li>\n\n\n\n<li><a href='?page_no=374'>374<\/a><\/li>\n\n\n\n<li><a href='?page_no=375'>375<\/a><\/li>\n\n\n\n<li><a>...<\/a><\/li>\n\n\n\n<li><a href='?page_no=446'>446<\/a><\/li>\n\n\n\n<li><a href='?page_no=447'>447<\/a><\/li>\n\n    \n\t\n\n<li >\n\t<a href='?page_no=374'>Next<\/a>\n\t<\/li>\n\n\n    \n\n<li><a href='?page_no=447'>Last &rsaquo;&rsaquo;<\/a><\/li>\n\n<\/ul>\n\n\n--><br \/>\n<\/body><\/p>\n","protected":false},"excerpt":{"rendered":"<p>diariodominicano.com MOSCU, 7 dic (Xinhua) &#8212; El presidente ruso, Vladimir Putin, sostuvo una conversaci\u00f3n telef\u00f3nica con la canciller alemana, Angela Merkel, en la que los l\u00edderes intercambiaron opiniones sobre la situaci\u00f3n en Nagorno-Karabaj y otras cuestiones, dijo hoy lunes el Kremlin en un comunicado. Putin se\u00f1al\u00f3 que los esfuerzos de mediaci\u00f3n de Rusia destinados a [&hellip;]<\/p>\n","protected":false},"author":3,"featured_media":0,"comment_status":"open","ping_status":"open","sticky":false,"template":"","format":"standard","meta":{"footnotes":""},"categories":[23],"tags":[],"class_list":["post-261065","post","type-post","status-publish","format-standard","hentry","category-internacional"],"_links":{"self":[{"href":"https:\/\/diariodominicano.com\/index.php?rest_route=\/wp\/v2\/posts\/261065","targetHints":{"allow":["GET"]}}],"collection":[{"href":"https:\/\/diariodominicano.com\/index.php?rest_route=\/wp\/v2\/posts"}],"about":[{"href":"https:\/\/diariodominicano.com\/index.php?rest_route=\/wp\/v2\/types\/post"}],"author":[{"embeddable":true,"href":"https:\/\/diariodominicano.com\/index.php?rest_route=\/wp\/v2\/users\/3"}],"replies":[{"embeddable":true,"href":"https:\/\/diariodominicano.com\/index.php?rest_route=%2Fwp%2Fv2%2Fcomments&post=261065"}],"version-history":[{"count":0,"href":"https:\/\/diariodominicano.com\/index.php?rest_route=\/wp\/v2\/posts\/261065\/revisions"}],"wp:attachment":[{"href":"https:\/\/diariodominicano.com\/index.php?rest_route=%2Fwp%2Fv2%2Fmedia&parent=261065"}],"wp:term":[{"taxonomy":"category","embeddable":true,"href":"https:\/\/diariodominicano.com\/index.php?rest_route=%2Fwp%2Fv2%2Fcategories&post=261065"},{"taxonomy":"post_tag","embeddable":true,"href":"https:\/\/diariodominicano.com\/index.php?rest_route=%2Fwp%2Fv2%2Ftags&post=261065"}],"curies":[{"name":"wp","href":"https:\/\/api.w.org\/{rel}","templated":true}]}}