{"id":261060,"date":"2020-12-08T10:01:56","date_gmt":"2020-12-08T10:01:56","guid":{"rendered":"http:\/\/diariodominicano.ddns.net\/?p=261060"},"modified":"2020-12-08T10:01:56","modified_gmt":"2020-12-08T10:01:56","slug":"biden-elige-a-exjefe-del-comando-central-para-dirigir-el-pentagono-segun-medios","status":"publish","type":"post","link":"https:\/\/diariodominicano.com\/?p=261060","title":{"rendered":"Biden elige a exjefe del Comando Central para dirigir el Pent\u00e1gono, seg\u00fan medios"},"content":{"rendered":"<p><body><\/p>\n<p><img decoding=\"async\" src=\"http:\/\/localhost:8080\/img3\/pe.jpg\" \/>  <\/p>\n<p><span class=\"text1noticias\">diariodominicano.com<\/span><\/p>\n<p><span class=\"text1noticias\"> <\/span><\/p>\n<p><span class=\"text1noticias\">WASHINGTON, 8 dic (Xinhua) &#8212; El presidente electo de Estados Unidos, Joe Biden, eligi\u00f3 al general de cuatro estrellas retirado del Ej\u00e9rcito Lloyd Austin para tomar las riendas del Pent\u00e1gono, seg\u00fan inform\u00f3 el lunes la revista Politico.<\/span><\/p>\n<p><span class=\"text1noticias\"> <\/span><\/p>\n<p><span class=\"text1noticias\">De ser confirmado su nombramiento en el Senado, Austin, quien fuera jefe del Comando Central de EE. UU., ser\u00e1 el primer afroamericano en ocupar el cargo de secretario de Defensa.<\/span><\/p>\n<p><span class=\"text1noticias\"> <\/span><\/p>\n<p><span class=\"text1noticias\">Se espera en breve un anuncio oficial al respecto, ya que el equipo de transici\u00f3n del presidente electo asegur\u00f3 previamente que los nombramientos adicionales del nuevo Gobierno, entre ellos el del secretario de Defensa, se dar\u00e1n a conocer antes de Navidad.<\/span><\/p>\n<p><span class=\"text1noticias\"> <\/span><\/p>\n<p><span class=\"text1noticias\">Biden ya ha anunciado los nombramientos de varios miembros clave de sus equipos de Seguridad Nacional y de Salud, as\u00ed como altos asesores de la Casa B<\/span>lanca.<\/p>\n<\/p>\n<p><span class=\"text1noticias\">(Multimedia)  <\/span><\/p>\n<p><span class=\"text1noticias\">Imagen del 19 de febrero de 2020 del Pent\u00e1gono visto desde un avi\u00f3n sobre Washington D.C., Estados Unidos. (Xinhua\/Liu Jie)<\/span><\/p>\n<h6> 2020-12-08 10:01:56 <\/h6>\n<p><!--\n<link rel=\"stylesheet\" href=\"css\/bootstrap.min.css\">\n\n\n<ul class=\"pagination\">\n\t    \n\t\n\n<li >\n\t<a href='?page_no=368'>Previous<\/a>\n\t<\/li>\n\n\n       \n    \n\n<li><a href='?page_no=1'>1<\/a><\/li>\n\n\n\n<li><a href='?page_no=2'>2<\/a><\/li>\n\n\n\n<li><a>...<\/a><\/li>\n\n\n\n<li><a href='?page_no=367'>367<\/a><\/li>\n\n\n\n<li><a href='?page_no=368'>368<\/a><\/li>\n\n\n\n<li class='active'><a>369<\/a><\/li>\n\n\n\n<li><a href='?page_no=370'>370<\/a><\/li>\n\n\n\n<li><a href='?page_no=371'>371<\/a><\/li>\n\n\n\n<li><a>...<\/a><\/li>\n\n\n\n<li><a href='?page_no=446'>446<\/a><\/li>\n\n\n\n<li><a href='?page_no=447'>447<\/a><\/li>\n\n    \n\t\n\n<li >\n\t<a href='?page_no=370'>Next<\/a>\n\t<\/li>\n\n\n    \n\n<li><a href='?page_no=447'>Last &rsaquo;&rsaquo;<\/a><\/li>\n\n<\/ul>\n\n\n--><br \/>\n<\/body><\/p>\n","protected":false},"excerpt":{"rendered":"<p>diariodominicano.com WASHINGTON, 8 dic (Xinhua) &#8212; El presidente electo de Estados Unidos, Joe Biden, eligi\u00f3 al general de cuatro estrellas retirado del Ej\u00e9rcito Lloyd Austin para tomar las riendas del Pent\u00e1gono, seg\u00fan inform\u00f3 el lunes la revista Politico. De ser confirmado su nombramiento en el Senado, Austin, quien fuera jefe del Comando Central de EE. [&hellip;]<\/p>\n","protected":false},"author":3,"featured_media":0,"comment_status":"open","ping_status":"open","sticky":false,"template":"","format":"standard","meta":{"footnotes":""},"categories":[23],"tags":[],"class_list":["post-261060","post","type-post","status-publish","format-standard","hentry","category-internacional"],"_links":{"self":[{"href":"https:\/\/diariodominicano.com\/index.php?rest_route=\/wp\/v2\/posts\/261060","targetHints":{"allow":["GET"]}}],"collection":[{"href":"https:\/\/diariodominicano.com\/index.php?rest_route=\/wp\/v2\/posts"}],"about":[{"href":"https:\/\/diariodominicano.com\/index.php?rest_route=\/wp\/v2\/types\/post"}],"author":[{"embeddable":true,"href":"https:\/\/diariodominicano.com\/index.php?rest_route=\/wp\/v2\/users\/3"}],"replies":[{"embeddable":true,"href":"https:\/\/diariodominicano.com\/index.php?rest_route=%2Fwp%2Fv2%2Fcomments&post=261060"}],"version-history":[{"count":0,"href":"https:\/\/diariodominicano.com\/index.php?rest_route=\/wp\/v2\/posts\/261060\/revisions"}],"wp:attachment":[{"href":"https:\/\/diariodominicano.com\/index.php?rest_route=%2Fwp%2Fv2%2Fmedia&parent=261060"}],"wp:term":[{"taxonomy":"category","embeddable":true,"href":"https:\/\/diariodominicano.com\/index.php?rest_route=%2Fwp%2Fv2%2Fcategories&post=261060"},{"taxonomy":"post_tag","embeddable":true,"href":"https:\/\/diariodominicano.com\/index.php?rest_route=%2Fwp%2Fv2%2Ftags&post=261060"}],"curies":[{"name":"wp","href":"https:\/\/api.w.org\/{rel}","templated":true}]}}