{"id":261057,"date":"2020-12-08T15:58:18","date_gmt":"2020-12-08T15:58:18","guid":{"rendered":"http:\/\/diariodominicano.ddns.net\/?p=261057"},"modified":"2020-12-08T15:58:18","modified_gmt":"2020-12-08T15:58:18","slug":"mexico-comenzaria-vacunacion-contra-covid-19-a-finales-de-diciembre","status":"publish","type":"post","link":"https:\/\/diariodominicano.com\/?p=261057","title":{"rendered":"M\u00e9xico comenzar\u00eda vacunaci\u00f3n contra COVID-19 a finales de diciembre"},"content":{"rendered":"<p><body><\/p>\n<p><img decoding=\"async\" src=\"http:\/\/localhost:8080\/img3\/mexicoVacuna8-12-20.jpg\" \/>  <\/p>\n<p><span class=\"text1noticias\">diariodominicano.com<\/span><\/p>\n<p><span class=\"text1noticias\"> <\/span><\/p>\n<p><span class=\"text1noticias\">MEXICO, 8 dic (Xinhua) &#8212; El gobierno de M\u00e9xico inform\u00f3 hoy martes que podr\u00eda comenzar el proceso de vacunaci\u00f3n en contra de la enfermedad del nuevo coronavirus (COVID-19) en la segunda mitad de diciembre, con atenci\u00f3n prioritaria a personal de salud y adultos mayores.<\/span><\/p>\n<p><span class=\"text1noticias\"> <\/span><\/p>\n<p><span class=\"text1noticias\">El subsecretario de Prevenci\u00f3n y Promoci\u00f3n de la Salud de M\u00e9xico, Hugo L\u00f3pez-Gatell, detall\u00f3 que m\u00e9dicos y enfermeros dedicados al control del virus SARS-CoV-2, que causa la COVID-19, as\u00ed como la poblaci\u00f3n de riesgo, ser\u00edan los primeros en recibir la dosis, con base en un esquema de edades iniciando con los mayores de 60 a\u00f1os.<\/span><\/p>\n<p><span class=\"text1noticias\"> <\/span><\/p>\n<p><span class=\"text1noticias\">\u00abHemos dispuesto dos sitios iniciales de aplicaci\u00f3n, en este momento estamos analizando dos adicionales para cubrir varias regiones del pa\u00eds\u00bb, dijo el funcionario en una rueda de prensa, acompa\u00f1ado por el presidente Andr\u00e9s Manuel L\u00f3pez Obrador.<\/span><\/p>\n<p><span class=\"text1noticias\"> <\/span><\/p>\n<p><span class=\"text1noticias\">La vacunaci\u00f3n iniciar\u00eda \u00aben los \u00faltimos d\u00edas de la tercera semana de diciembre\u00bb y se extender\u00eda hasta febrero del 2021 en una primera etapa en la Ciudad de M\u00e9xico, la capital del pa\u00eds y n\u00facleo de unos 20 millones de habitantes, y en el estado de Coahuila, en el norte, precis\u00f3 L\u00f3pez-Gatell.<\/span><\/p>\n<p><span class=\"text1noticias\"> <\/span><\/p>\n<p><span class=\"text1noticias\">En su intervenci\u00f3n, el canciller Marcelo Ebrard detall\u00f3 que el gobierno mexicano firm\u00f3 un convenio para adquirir 34,4 millones de vacunas con el laboratorio estadounidense Pfizer y su socio alem\u00e1n BioNTech, cuya vacuna contra COVID-19 ya fue autorizada en el Reino Unido y se espera la pronta aprobaci\u00f3n en Estados Unidos y M\u00e9xico.<\/span><\/p>\n<p><span class=\"text1noticias\"> <\/span><\/p>\n<p><span class=\"text1noticias\">\u00abSe espera pr\u00f3ximamente la autorizaci\u00f3n de la Cofepris (la reguladora Comisi\u00f3n Federal para la Protecci\u00f3n contra Riesgos Sanitarios) y la llegada de 250.000 dosis en este mes\u00bb, indic\u00f3 Ebrard en la conferencia.<\/span><\/p>\n<p><span class=\"text1noticias\"> <\/span><\/p>\n<p><span class=\"text1noticias\">El objetivo de la administraci\u00f3n de L\u00f3pez Obrador es alcanzar la cobertura nacional en cuanto a vacunaci\u00f3n antes de finalizar el 2021, de acuerdo con los lineamientos de la estrategia presentada este martes.<\/span><\/p>\n<p><span class=\"text1noticias\"> <\/span><\/p>\n<p><span class=\"text1noticias\">Adem\u00e1s de convenios con laboratorios privados, M\u00e9xico participa en el Mecanismo de Acceso Mundial a las Vacunas contra la COVID-19 (COVAX), una iniciativa codirigida por la Coalici\u00f3n para las Innovaciones en Preparaci\u00f3n para Epidemias, la Alianza para las Vacunas y la Organizaci\u00f3n Mundial de la Salud (OMS).<\/span><\/p>\n<p><span class=\"text1noticias\"> <\/span><\/p>\n<p><span class=\"text1noticias\">Al corte del 7 de diciembre, M\u00e9xico acumul\u00f3 1.182.249 casos positivos a la COVID-19 desde que detect\u00f3 el primer contagio a finales de febrero, con 110.074 <\/span>fallecidos.<\/p>\n<\/p>\n<p><span class=\"text1noticias\">(Multimedia)  <\/span><\/p>\n<p><span class=\"text1noticias\">Un trabajador de la salud toma una muestra de hisopado de la garganta de una mujer para la prueba de detecci\u00f3n de la enfermedad causada por el nuevo coronavirus (COVID-19) en un quisco de la salud, en la Ciudad de M\u00e9xico, capital de M\u00e9xico, el 19 de octubre de 2020. (Xinhua\/Sunny Quintero) <\/span><\/p>\n<h6> 2020-12-08 15:58:18 <\/h6>\n<p><!--\n<link rel=\"stylesheet\" href=\"css\/bootstrap.min.css\">\n\n\n<ul class=\"pagination\">\n\t    \n\t\n\n<li >\n\t<a href='?page_no=365'>Previous<\/a>\n\t<\/li>\n\n\n       \n    \n\n<li><a href='?page_no=1'>1<\/a><\/li>\n\n\n\n<li><a href='?page_no=2'>2<\/a><\/li>\n\n\n\n<li><a>...<\/a><\/li>\n\n\n\n<li><a href='?page_no=364'>364<\/a><\/li>\n\n\n\n<li><a href='?page_no=365'>365<\/a><\/li>\n\n\n\n<li class='active'><a>366<\/a><\/li>\n\n\n\n<li><a href='?page_no=367'>367<\/a><\/li>\n\n\n\n<li><a href='?page_no=368'>368<\/a><\/li>\n\n\n\n<li><a>...<\/a><\/li>\n\n\n\n<li><a href='?page_no=446'>446<\/a><\/li>\n\n\n\n<li><a href='?page_no=447'>447<\/a><\/li>\n\n    \n\t\n\n<li >\n\t<a href='?page_no=367'>Next<\/a>\n\t<\/li>\n\n\n    \n\n<li><a href='?page_no=447'>Last &rsaquo;&rsaquo;<\/a><\/li>\n\n<\/ul>\n\n\n--><br \/>\n<\/body><\/p>\n","protected":false},"excerpt":{"rendered":"<p>diariodominicano.com MEXICO, 8 dic (Xinhua) &#8212; El gobierno de M\u00e9xico inform\u00f3 hoy martes que podr\u00eda comenzar el proceso de vacunaci\u00f3n en contra de la enfermedad del nuevo coronavirus (COVID-19) en la segunda mitad de diciembre, con atenci\u00f3n prioritaria a personal de salud y adultos mayores. El subsecretario de Prevenci\u00f3n y Promoci\u00f3n de la Salud de [&hellip;]<\/p>\n","protected":false},"author":3,"featured_media":0,"comment_status":"open","ping_status":"open","sticky":false,"template":"","format":"standard","meta":{"footnotes":""},"categories":[23],"tags":[],"class_list":["post-261057","post","type-post","status-publish","format-standard","hentry","category-internacional"],"_links":{"self":[{"href":"https:\/\/diariodominicano.com\/index.php?rest_route=\/wp\/v2\/posts\/261057","targetHints":{"allow":["GET"]}}],"collection":[{"href":"https:\/\/diariodominicano.com\/index.php?rest_route=\/wp\/v2\/posts"}],"about":[{"href":"https:\/\/diariodominicano.com\/index.php?rest_route=\/wp\/v2\/types\/post"}],"author":[{"embeddable":true,"href":"https:\/\/diariodominicano.com\/index.php?rest_route=\/wp\/v2\/users\/3"}],"replies":[{"embeddable":true,"href":"https:\/\/diariodominicano.com\/index.php?rest_route=%2Fwp%2Fv2%2Fcomments&post=261057"}],"version-history":[{"count":0,"href":"https:\/\/diariodominicano.com\/index.php?rest_route=\/wp\/v2\/posts\/261057\/revisions"}],"wp:attachment":[{"href":"https:\/\/diariodominicano.com\/index.php?rest_route=%2Fwp%2Fv2%2Fmedia&parent=261057"}],"wp:term":[{"taxonomy":"category","embeddable":true,"href":"https:\/\/diariodominicano.com\/index.php?rest_route=%2Fwp%2Fv2%2Fcategories&post=261057"},{"taxonomy":"post_tag","embeddable":true,"href":"https:\/\/diariodominicano.com\/index.php?rest_route=%2Fwp%2Fv2%2Ftags&post=261057"}],"curies":[{"name":"wp","href":"https:\/\/api.w.org\/{rel}","templated":true}]}}