{"id":261054,"date":"2020-12-08T22:45:26","date_gmt":"2020-12-08T22:45:26","guid":{"rendered":"http:\/\/diariodominicano.ddns.net\/?p=261054"},"modified":"2020-12-08T22:45:26","modified_gmt":"2020-12-08T22:45:26","slug":"biden-nomina-a-general-retirado-lloyd-austin-para-secretario-de-defensa","status":"publish","type":"post","link":"https:\/\/diariodominicano.com\/?p=261054","title":{"rendered":"Biden nomina a general retirado Lloyd Austin para secretario de Defensa"},"content":{"rendered":"<p><body><\/p>\n<p><span class=\"text1noticias\"> <\/span><\/p>\n<p><span class=\"text1noticias\">diariodominicano.com <\/span><\/p>\n<\/p>\n<p><span class=\"text1noticias\">   WASHINGTON, 8 dic (Xinhua) &#8212; El presidente electo de Estados Unidos, Joe Biden, anunci\u00f3 hoy martes que nominar\u00e1 a Lloyd Austin, un general retirado de cuatro estrellas, para el cargo de secretario de Defensa.<\/span><\/p>\n<\/p>\n<p><span class=\"text1noticias\">   En caso de ser confirmado por el Senado estadounidense, Austin, de 67 a\u00f1os de edad, ser\u00e1 el primer afroestadounidense en estar al frente del Pent\u00e1gono.<\/span><\/p>\n<\/p>\n<p><span class=\"text1noticias\">   Austin, ex comandante del Comando Central de Estados Unidos, se retir\u00f3 en el 2016 despu\u00e9s de m\u00e1s de 40 a\u00f1os de servir en el ej\u00e9rc<\/span>ito. <\/p>\n<h6> 2020-12-08 22:45:26 <\/h6>\n<p><!--\n<link rel=\"stylesheet\" href=\"css\/bootstrap.min.css\">\n\n\n<ul class=\"pagination\">\n\t    \n\t\n\n<li >\n\t<a href='?page_no=362'>Previous<\/a>\n\t<\/li>\n\n\n       \n    \n\n<li><a href='?page_no=1'>1<\/a><\/li>\n\n\n\n<li><a href='?page_no=2'>2<\/a><\/li>\n\n\n\n<li><a>...<\/a><\/li>\n\n\n\n<li><a href='?page_no=361'>361<\/a><\/li>\n\n\n\n<li><a href='?page_no=362'>362<\/a><\/li>\n\n\n\n<li class='active'><a>363<\/a><\/li>\n\n\n\n<li><a href='?page_no=364'>364<\/a><\/li>\n\n\n\n<li><a href='?page_no=365'>365<\/a><\/li>\n\n\n\n<li><a>...<\/a><\/li>\n\n\n\n<li><a href='?page_no=446'>446<\/a><\/li>\n\n\n\n<li><a href='?page_no=447'>447<\/a><\/li>\n\n    \n\t\n\n<li >\n\t<a href='?page_no=364'>Next<\/a>\n\t<\/li>\n\n\n    \n\n<li><a href='?page_no=447'>Last &rsaquo;&rsaquo;<\/a><\/li>\n\n<\/ul>\n\n\n--><br \/>\n<\/body><\/p>\n","protected":false},"excerpt":{"rendered":"<p>diariodominicano.com WASHINGTON, 8 dic (Xinhua) &#8212; El presidente electo de Estados Unidos, Joe Biden, anunci\u00f3 hoy martes que nominar\u00e1 a Lloyd Austin, un general retirado de cuatro estrellas, para el cargo de secretario de Defensa. En caso de ser confirmado por el Senado estadounidense, Austin, de 67 a\u00f1os de edad, ser\u00e1 el primer afroestadounidense en [&hellip;]<\/p>\n","protected":false},"author":3,"featured_media":0,"comment_status":"open","ping_status":"open","sticky":false,"template":"","format":"standard","meta":{"footnotes":""},"categories":[23],"tags":[],"class_list":["post-261054","post","type-post","status-publish","format-standard","hentry","category-internacional"],"_links":{"self":[{"href":"https:\/\/diariodominicano.com\/index.php?rest_route=\/wp\/v2\/posts\/261054","targetHints":{"allow":["GET"]}}],"collection":[{"href":"https:\/\/diariodominicano.com\/index.php?rest_route=\/wp\/v2\/posts"}],"about":[{"href":"https:\/\/diariodominicano.com\/index.php?rest_route=\/wp\/v2\/types\/post"}],"author":[{"embeddable":true,"href":"https:\/\/diariodominicano.com\/index.php?rest_route=\/wp\/v2\/users\/3"}],"replies":[{"embeddable":true,"href":"https:\/\/diariodominicano.com\/index.php?rest_route=%2Fwp%2Fv2%2Fcomments&post=261054"}],"version-history":[{"count":0,"href":"https:\/\/diariodominicano.com\/index.php?rest_route=\/wp\/v2\/posts\/261054\/revisions"}],"wp:attachment":[{"href":"https:\/\/diariodominicano.com\/index.php?rest_route=%2Fwp%2Fv2%2Fmedia&parent=261054"}],"wp:term":[{"taxonomy":"category","embeddable":true,"href":"https:\/\/diariodominicano.com\/index.php?rest_route=%2Fwp%2Fv2%2Fcategories&post=261054"},{"taxonomy":"post_tag","embeddable":true,"href":"https:\/\/diariodominicano.com\/index.php?rest_route=%2Fwp%2Fv2%2Ftags&post=261054"}],"curies":[{"name":"wp","href":"https:\/\/api.w.org\/{rel}","templated":true}]}}