{"id":260568,"date":"2020-12-01T10:51:44","date_gmt":"2020-12-01T10:51:44","guid":{"rendered":"http:\/\/diariodominicano.ddns.net\/?p=260568"},"modified":"2020-12-01T10:51:44","modified_gmt":"2020-12-01T10:51:44","slug":"fallecimiento-de-cesar-prieto-impacta-a-miembros-y-dirigentes-del-pld-y-al-pais","status":"publish","type":"post","link":"https:\/\/diariodominicano.com\/?p=260568","title":{"rendered":"&#13;Fallecimiento de C\u00e9sar Prieto impacta a miembros y dirigentes del PLD  y al pa\u00eds"},"content":{"rendered":"<p><body><\/p>\n<p><img decoding=\"async\" src=\"http:\/\/localhost:8080\/img3\/Cesar Prieto1-12-20.jpeg\" \/>  <\/p>\n<p><span class=\"text1noticias\">diariodominicano.com <\/span><\/p>\n<p><span class=\"text1noticias\"> <\/span><\/p>\n<p><span class=\"text1noticias\">Santo Domingo, R. D., 1 de diciembre, 2020.- El Partido de la Liberaci\u00f3n Dominicana confirm\u00f3 en la ma\u00f1ana de este d\u00eda el sentido fallecimiento de C\u00e9sar Prieto, miembro del Comit\u00e9 Central de la organizaci\u00f3n y sub secretario de Organizaci\u00f3n.<\/span><\/p>\n<p><span class=\"text1noticias\"> <\/span><\/p>\n<p><span class=\"text1noticias\">La tr\u00e1gica noticia reportada a la direcci\u00f3n del PLD por sus familiares impact\u00f3 a la dirigencia, tal y como lo manifestaron en llamadas realizadas a la Casa Nacional del PLD y en los grupos de mensajer\u00eda electr\u00f3nica.<\/span><\/p>\n<p><span class=\"text1noticias\"> <\/span><\/p>\n<p><span class=\"text1noticias\">Todos coinciden en destacar la jovialidad y alegr\u00eda caracter\u00edstico  del hoy occiso en contraste con la informaci\u00f3n de su suicidio, por lo que la noticia se ha hecho m\u00e1s impactante.<\/span><\/p>\n<p><span class=\"text1noticias\"> <\/span><\/p>\n<p><span class=\"text1noticias\">Sus cercanos han confirmado que C\u00e9sar Prieto hace unos meses hab\u00eda tenido un comportamiento caracter\u00edstico del cuadro cl\u00ednico de depresi\u00f3n, incluso que estaba siendo asistido.<\/span><\/p>\n<p><span class=\"text1noticias\"> <\/span><\/p>\n<p><span class=\"text1noticias\">C\u00e9sar Prieto con una dilatada militancia en el Partido de la Liberaci\u00f3n Dominicana desde muy joven se organiz\u00f3 en el Comit\u00e9 Intermedio Enriquillo en el ensanche Quisqueya de donde despleg\u00f3 un arduo trabajo hasta llegar al organismo  direcci\u00f3n partidaria que es el Comit\u00e9 Central.<\/span><\/p>\n<p><span class=\"text1noticias\"> <\/span><\/p>\n<p><span class=\"text1noticias\">Esposo de la diputada Sandra Abinader al igual que Prieto, miembro del Comit\u00e9 Central, constitu\u00edan una pareja ejemplar en el PLD por su apego al trabajo pol\u00edtico, su lealtad y compromiso partidario.<\/span><\/p>\n<p><span class=\"text1noticias\"> <\/span><\/p>\n<p><span class=\"text1noticias\">La Direcci\u00f3n del PLD est\u00e1 a la espera de mayores detalles de parte de sus familiares para informar de sus honras f\u00fanebres.<\/span><\/p>\n<p><span class=\"text1noticias\"> <\/span><\/p>\n<p><span class=\"text1noticias\"> <\/span><\/p>\n<p><span class=\"text1noticias\">Fuente: SECOM PLD<\/span><\/p>\n<p><span class=\"text1noticias\">SECRETAR\u00cdA DE COMUNICACIONES<\/span><\/p>\n<p><span class=\"text1noticias\">1 DE DICIEMB<\/span>RE,  2020 <\/p>\n<\/p>\n<\/p>\n<\/p>\n<h6> 2020-12-01 10:51:44 <\/h6>\n<p><!--\n<link rel=\"stylesheet\" href=\"css\/bootstrap.min.css\">\n\n\n<ul class=\"pagination\">\n\t    \n\t\n\n<li >\n\t<a href='?page_no=56'>Previous<\/a>\n\t<\/li>\n\n\n       \n    \n\n<li><a href='?page_no=1'>1<\/a><\/li>\n\n\n\n<li><a href='?page_no=2'>2<\/a><\/li>\n\n\n\n<li><a>...<\/a><\/li>\n\n\n\n<li><a href='?page_no=52'>52<\/a><\/li>\n\n\n\n<li><a href='?page_no=53'>53<\/a><\/li>\n\n\n\n<li><a href='?page_no=54'>54<\/a><\/li>\n\n\n\n<li><a href='?page_no=55'>55<\/a><\/li>\n\n\n\n<li><a href='?page_no=56'>56<\/a><\/li>\n\n\n\n<li class='active'><a>57<\/a><\/li>\n\n\n\n<li><a href='?page_no=58'>58<\/a><\/li>\n\n    \n\t\n\n<li >\n\t<a href='?page_no=58'>Next<\/a>\n\t<\/li>\n\n\n    \n\n<li><a href='?page_no=58'>Last &rsaquo;&rsaquo;<\/a><\/li>\n\n<\/ul>\n\n\n--><br \/>\n<\/body><\/p>\n","protected":false},"excerpt":{"rendered":"<p>diariodominicano.com Santo Domingo, R. D., 1 de diciembre, 2020.- El Partido de la Liberaci\u00f3n Dominicana confirm\u00f3 en la ma\u00f1ana de este d\u00eda el sentido fallecimiento de C\u00e9sar Prieto, miembro del Comit\u00e9 Central de la organizaci\u00f3n y sub secretario de Organizaci\u00f3n. La tr\u00e1gica noticia reportada a la direcci\u00f3n del PLD por sus familiares impact\u00f3 a la [&hellip;]<\/p>\n","protected":false},"author":3,"featured_media":0,"comment_status":"open","ping_status":"open","sticky":false,"template":"","format":"standard","meta":{"footnotes":""},"categories":[22],"tags":[],"class_list":["post-260568","post","type-post","status-publish","format-standard","hentry","category-politica"],"_links":{"self":[{"href":"https:\/\/diariodominicano.com\/index.php?rest_route=\/wp\/v2\/posts\/260568","targetHints":{"allow":["GET"]}}],"collection":[{"href":"https:\/\/diariodominicano.com\/index.php?rest_route=\/wp\/v2\/posts"}],"about":[{"href":"https:\/\/diariodominicano.com\/index.php?rest_route=\/wp\/v2\/types\/post"}],"author":[{"embeddable":true,"href":"https:\/\/diariodominicano.com\/index.php?rest_route=\/wp\/v2\/users\/3"}],"replies":[{"embeddable":true,"href":"https:\/\/diariodominicano.com\/index.php?rest_route=%2Fwp%2Fv2%2Fcomments&post=260568"}],"version-history":[{"count":0,"href":"https:\/\/diariodominicano.com\/index.php?rest_route=\/wp\/v2\/posts\/260568\/revisions"}],"wp:attachment":[{"href":"https:\/\/diariodominicano.com\/index.php?rest_route=%2Fwp%2Fv2%2Fmedia&parent=260568"}],"wp:term":[{"taxonomy":"category","embeddable":true,"href":"https:\/\/diariodominicano.com\/index.php?rest_route=%2Fwp%2Fv2%2Fcategories&post=260568"},{"taxonomy":"post_tag","embeddable":true,"href":"https:\/\/diariodominicano.com\/index.php?rest_route=%2Fwp%2Fv2%2Ftags&post=260568"}],"curies":[{"name":"wp","href":"https:\/\/api.w.org\/{rel}","templated":true}]}}