{"id":260566,"date":"2020-12-02T17:03:22","date_gmt":"2020-12-02T17:03:22","guid":{"rendered":"http:\/\/diariodominicano.ddns.net\/?p=260566"},"modified":"2020-12-02T17:03:22","modified_gmt":"2020-12-02T17:03:22","slug":"quique-califica-de-falta-de-respeto-a-rd-las-declaraciones-del-canciller-de-haiti","status":"publish","type":"post","link":"https:\/\/diariodominicano.com\/?p=260566","title":{"rendered":"Quique califica de \u00abfalta de respeto\u00bb a RD las declaraciones del canciller de Hait\u00ed"},"content":{"rendered":"<p><body><\/p>\n<p><img decoding=\"async\" src=\"img3\/quique02.jpg\" \/>  <\/p>\n<p><strong>Diariodominicano.com<\/strong><\/p>\n<p><strong>Quique califica de \u00abfalta de respeto\u00bb a RD las declaraciones del canciller de Hait\u00ed<\/strong><\/p>\n<p><strong> El l\u00edder reformista dice que el ministro de Relaciones Exteriores, Roberto \u00c1lvarez, debe ponerlo diplom\u00e1ticamente en su sitio<\/strong><\/p>\n<p><strong> <\/strong><\/p>\n<p><strong> <\/strong><\/p>\n<p><strong> <\/strong><\/p>\n<p><strong>SANTO DOMINGO.- <\/strong>El presidente del Partido Reformista Social Cristiano (PRSC), Quique Ant\u00fan, calific\u00f3 como una falta de respeto al pueblo dominicano las declaraciones del canciller haitiano, Claude Joseph, pidiendo a las autoridades dominicanas un cambio en la supuesta \u00abnarrativa negativa\u00bb tienen hacia Hait\u00ed y sus ciudadanos.<\/p>\n<\/p>\n<p>El l\u00edder reformista dijo que el ministro de Relaciones Exteriores de la Rep\u00fablica Dominicana, Roberto \u00c1lvarez, \u00abdebe ponerlo diplom\u00e1ticamente en su sitio\u00bb.<\/p>\n<\/p>\n<p>Quique Ant\u00fan escribi\u00f3 la tarde de este mi\u00e9rcoles en su cuenta de Twitter que \u00abCreo que es una falta de respeto al trato generoso y la solidaridad que hemos mostrado los dominicanos y nuestro gobierno al pueblo haitiano, las declaraciones de su Canciller. Nuestro Canciller @MIREXRD debe ponerlo diplom\u00e1ticamente en su sitio\u00bb.<\/p>\n<\/p>\n<p>Se recuerda que el presidente Luis Abinader, que asumi\u00f3 el poder el pasado16 de  agosto, ha asegurado en varias ocasiones que \u00abno puede haber una soluci\u00f3n dominicana\u00bb a los problemas de Hait\u00ed.<\/p>\n<\/p>\n<p>El mandatario respald\u00f3 la semana pasada las declaraciones de su ministro de Salud P\u00fablica, Plutarco \u00c1rias, en las que este asegur\u00f3 que Rep\u00fablica Dominicana no puede asumir el coste econ\u00f3mico que generan las mujeres haitianas que acuden a los hospitales dominicanos a dar a luz.<\/p>\n<\/p>\n<p>Lo que dijo el canciller haitiano<\/p>\n<\/p>\n<p>De acuerdo a una informaci\u00f3n de la agencia EFE publicada por medios locales, Claude Joseph, pidi\u00f3 a su hom\u00f3logo dominicano, Roberto \u00c1lvarez, un cambio en la ret\u00f3rica de las autoridades de este pa\u00eds, para eliminar la \u00abnarrativa negativa\u00bb hacia Hait\u00ed y hacia sus ciudadanos.<\/p>\n<\/p>\n<p>\u00abHemos sido claros con el canciller dominicano en que hace falta descartar esa narrativa negativa del discurso oficial. No es bueno para Hait\u00ed ni para la Rep\u00fablica Dominicana\u00bb, dijo Joseph, en respuesta a una pregunta sobre las recientes declaraciones que hizo el presidente dominicano, Luis Abinader, acerca de Hait\u00ed.<\/p>\n<\/p>\n<\/p>\n<p>SECRETARIA DE COMUNICACIONES PRSC<\/p>\n<h6> 2020-12-02 17:03:22 <\/h6>\n<p><!--\n<link rel=\"stylesheet\" href=\"css\/bootstrap.min.css\">\n\n\n<ul class=\"pagination\">\n\t    \n\t\n\n<li >\n\t<a href='?page_no=54'>Previous<\/a>\n\t<\/li>\n\n\n       \n    \n\n<li><a href='?page_no=1'>1<\/a><\/li>\n\n\n\n<li><a href='?page_no=2'>2<\/a><\/li>\n\n\n\n<li><a>...<\/a><\/li>\n\n\n\n<li><a href='?page_no=52'>52<\/a><\/li>\n\n\n\n<li><a href='?page_no=53'>53<\/a><\/li>\n\n\n\n<li><a href='?page_no=54'>54<\/a><\/li>\n\n\n\n<li class='active'><a>55<\/a><\/li>\n\n\n\n<li><a href='?page_no=56'>56<\/a><\/li>\n\n\n\n<li><a href='?page_no=57'>57<\/a><\/li>\n\n\n\n<li><a href='?page_no=58'>58<\/a><\/li>\n\n    \n\t\n\n<li >\n\t<a href='?page_no=56'>Next<\/a>\n\t<\/li>\n\n\n    \n\n<li><a href='?page_no=58'>Last &rsaquo;&rsaquo;<\/a><\/li>\n\n<\/ul>\n\n\n--><br \/>\n<\/body><\/p>\n","protected":false},"excerpt":{"rendered":"<p>Diariodominicano.com Quique califica de \u00abfalta de respeto\u00bb a RD las declaraciones del canciller de Hait\u00ed El l\u00edder reformista dice que el ministro de Relaciones Exteriores, Roberto \u00c1lvarez, debe ponerlo diplom\u00e1ticamente en su sitio SANTO DOMINGO.- El presidente del Partido Reformista Social Cristiano (PRSC), Quique Ant\u00fan, calific\u00f3 como una falta de respeto al pueblo dominicano las [&hellip;]<\/p>\n","protected":false},"author":3,"featured_media":0,"comment_status":"open","ping_status":"open","sticky":false,"template":"","format":"standard","meta":{"footnotes":""},"categories":[22],"tags":[],"class_list":["post-260566","post","type-post","status-publish","format-standard","hentry","category-politica"],"_links":{"self":[{"href":"https:\/\/diariodominicano.com\/index.php?rest_route=\/wp\/v2\/posts\/260566","targetHints":{"allow":["GET"]}}],"collection":[{"href":"https:\/\/diariodominicano.com\/index.php?rest_route=\/wp\/v2\/posts"}],"about":[{"href":"https:\/\/diariodominicano.com\/index.php?rest_route=\/wp\/v2\/types\/post"}],"author":[{"embeddable":true,"href":"https:\/\/diariodominicano.com\/index.php?rest_route=\/wp\/v2\/users\/3"}],"replies":[{"embeddable":true,"href":"https:\/\/diariodominicano.com\/index.php?rest_route=%2Fwp%2Fv2%2Fcomments&post=260566"}],"version-history":[{"count":0,"href":"https:\/\/diariodominicano.com\/index.php?rest_route=\/wp\/v2\/posts\/260566\/revisions"}],"wp:attachment":[{"href":"https:\/\/diariodominicano.com\/index.php?rest_route=%2Fwp%2Fv2%2Fmedia&parent=260566"}],"wp:term":[{"taxonomy":"category","embeddable":true,"href":"https:\/\/diariodominicano.com\/index.php?rest_route=%2Fwp%2Fv2%2Fcategories&post=260566"},{"taxonomy":"post_tag","embeddable":true,"href":"https:\/\/diariodominicano.com\/index.php?rest_route=%2Fwp%2Fv2%2Ftags&post=260566"}],"curies":[{"name":"wp","href":"https:\/\/api.w.org\/{rel}","templated":true}]}}