{"id":260565,"date":"2020-12-02T17:18:02","date_gmt":"2020-12-02T17:18:02","guid":{"rendered":"http:\/\/diariodominicano.ddns.net\/?p=260565"},"modified":"2020-12-02T17:18:02","modified_gmt":"2020-12-02T17:18:02","slug":"abogado-fernando-rosa-pide-le-permitan-alimentarse-para-evitar-un-coma-diabetico","status":"publish","type":"post","link":"https:\/\/diariodominicano.com\/?p=260565","title":{"rendered":"Abogado Fernando Rosa pide le permitan alimentarse para evitar un coma diab\u00e9tico"},"content":{"rendered":"<p><body><\/p>\n<p><img decoding=\"async\" src=\"http:\/\/localhost:8080\/img3\/IMG_20201202_122651_590.jpg\" \/>  <\/p>\n<p><strong>Diariodominicano.com<\/strong><\/p>\n<p><strong>Abogado Fernando Rosa pide le permitan alimentarse para evitar un coma diab\u00e9tico <\/strong><\/p>\n<p>La informaci\u00f3n la ofreci\u00f3  el coordinador t\u00e9cnico de la defensa, licenciado Jos\u00e9 Miguel Minier, que argument\u00f3 que por su condici\u00f3n de diab\u00e9tico e hipertenso, Rosa debe ingerir alimentos libres de sal y carbohidratos, condiciones que obviamente no est\u00e1n en los alimentos que le est\u00e1n supliendo, por lo que el imputado ha dejado de comer, afectando su estado de salud.<\/p>\n<\/p>\n<p><strong> <\/strong><\/p>\n<p><strong>Santiago.- <\/strong>Fernando Rosa no se est\u00e1 alimentando desde el momento de su detenci\u00f3n, porque la comida que ofrecen en el Palacio de Justicia de Santo Domingo no es adecuada para su condici\u00f3n de diab\u00e9tico e hipertenso.<\/p>\n<\/p>\n<p>La informaci\u00f3n la ofreci\u00f3  el coordinador t\u00e9cnico de la defensa, licenciado Jos\u00e9 Miguel Minier, que argument\u00f3 que por su condici\u00f3n de diab\u00e9tico e hipertenso, Rosa debe ingerir alimentos libres de sal y carbohidratos, condiciones que obviamente no est\u00e1n en los alimentos que le est\u00e1n supliendo, por lo que el imputado ha dejado de comer, afectando su estado de salud.<\/p>\n<\/p>\n<p>\u00abPedimos al Ministerio P\u00fablico,  le permita al se\u00f1or Fernando Rosa alimentarse,  para que pueda resistir este proceso en condiciones de salud manejable.   Es un paciente de m\u00e1s de 60 a\u00f1os, diab\u00e9tico e hipertenso, adem\u00e1s de  otras complicaciones de salud propias de su edad\u00bb, explic\u00f3 Minier.<\/p>\n<\/p>\n<p>Seg\u00fan consta en el Certificado M\u00e9dico, el diagn\u00f3stico de  Rosa es : Hipertensi\u00f3n arterial sist\u00e9mica controlada, diabetes mellitus tipo 2, hipotiroidismo cr\u00f3nico, vit\u00edligo, as\u00ed como gastritis erosiva cr\u00f3nica con antecedentes de ulcera perforada.  El perito recomienda mantener vigilancia m\u00e9dica estricta, apego a la medicaci\u00f3n y su tratamiento actual que incluye una adecuada alimentaci\u00f3n. <\/p>\n<\/p>\n<p>Fernando Rosa es miembro del Comit\u00e9 Central del Partido de la Liberaci\u00f3n Dominicana, pasado presidente del Fondo Patrimonial de las Empresas Reformadas ?Fonper-.    Est\u00e1 casado, tiene tres hijas y reside en Santiago de los Caballeros.<\/p>\n<\/p>\n<p>Rosa est\u00e1 en proceso de investigaci\u00f3n por la Procuradur\u00eda General de la Rep\u00fablica y se encuentra en espera de la medida de coerci\u00f3n solicitada por la fiscal\u00eda que ser\u00e1 dictada el pr\u00f3ximo domingo por un juez. <\/p>\n<\/p>\n<p>El equipo t\u00e9cnico de la barra de la defensa de Fernando Rosa, le pide a la Procuradur\u00eda le permita una alimentaci\u00f3n adecuada, para evitar una descompensaci\u00f3n que conlleve a un coma diab\u00e9tico. <\/p>\n<\/p>\n<p>Coma diab\u00e9tico<\/p>\n<\/p>\n<p>Es una complicaci\u00f3n de la diabetes que provoca perdida del conocimiento y es potencialmente fatal.  Si padeces diabetes, un nivel muy alto de az\u00facar en sangre (hiperglucemia) o un nivel demasiado bajo de az\u00facar en sangre (hipoglucemia) pueden ocasionar un coma diab\u00e9tico.<\/p>\n<\/p>\n<p><strong>Jose Armando Toribio<\/strong><\/p>\n<p><strong> &lt;josetory09@gmail.com&gt;<\/strong><\/p>\n<h6> 2020-12-02 17:18:02 <\/h6>\n<p><!--\n<link rel=\"stylesheet\" href=\"css\/bootstrap.min.css\">\n\n\n<ul class=\"pagination\">\n\t    \n\t\n\n<li >\n\t<a href='?page_no=53'>Previous<\/a>\n\t<\/li>\n\n\n       \n    \n\n<li><a href='?page_no=1'>1<\/a><\/li>\n\n\n\n<li><a href='?page_no=2'>2<\/a><\/li>\n\n\n\n<li><a>...<\/a><\/li>\n\n\n\n<li><a href='?page_no=52'>52<\/a><\/li>\n\n\n\n<li><a href='?page_no=53'>53<\/a><\/li>\n\n\n\n<li class='active'><a>54<\/a><\/li>\n\n\n\n<li><a href='?page_no=55'>55<\/a><\/li>\n\n\n\n<li><a href='?page_no=56'>56<\/a><\/li>\n\n\n\n<li><a href='?page_no=57'>57<\/a><\/li>\n\n\n\n<li><a href='?page_no=58'>58<\/a><\/li>\n\n    \n\t\n\n<li >\n\t<a href='?page_no=55'>Next<\/a>\n\t<\/li>\n\n\n    \n\n<li><a href='?page_no=58'>Last &rsaquo;&rsaquo;<\/a><\/li>\n\n<\/ul>\n\n\n--><br \/>\n<\/body><\/p>\n","protected":false},"excerpt":{"rendered":"<p>Diariodominicano.com Abogado Fernando Rosa pide le permitan alimentarse para evitar un coma diab\u00e9tico La informaci\u00f3n la ofreci\u00f3 el coordinador t\u00e9cnico de la defensa, licenciado Jos\u00e9 Miguel Minier, que argument\u00f3 que por su condici\u00f3n de diab\u00e9tico e hipertenso, Rosa debe ingerir alimentos libres de sal y carbohidratos, condiciones que obviamente no est\u00e1n en los alimentos que [&hellip;]<\/p>\n","protected":false},"author":3,"featured_media":0,"comment_status":"open","ping_status":"open","sticky":false,"template":"","format":"standard","meta":{"footnotes":""},"categories":[22],"tags":[],"class_list":["post-260565","post","type-post","status-publish","format-standard","hentry","category-politica"],"_links":{"self":[{"href":"https:\/\/diariodominicano.com\/index.php?rest_route=\/wp\/v2\/posts\/260565","targetHints":{"allow":["GET"]}}],"collection":[{"href":"https:\/\/diariodominicano.com\/index.php?rest_route=\/wp\/v2\/posts"}],"about":[{"href":"https:\/\/diariodominicano.com\/index.php?rest_route=\/wp\/v2\/types\/post"}],"author":[{"embeddable":true,"href":"https:\/\/diariodominicano.com\/index.php?rest_route=\/wp\/v2\/users\/3"}],"replies":[{"embeddable":true,"href":"https:\/\/diariodominicano.com\/index.php?rest_route=%2Fwp%2Fv2%2Fcomments&post=260565"}],"version-history":[{"count":0,"href":"https:\/\/diariodominicano.com\/index.php?rest_route=\/wp\/v2\/posts\/260565\/revisions"}],"wp:attachment":[{"href":"https:\/\/diariodominicano.com\/index.php?rest_route=%2Fwp%2Fv2%2Fmedia&parent=260565"}],"wp:term":[{"taxonomy":"category","embeddable":true,"href":"https:\/\/diariodominicano.com\/index.php?rest_route=%2Fwp%2Fv2%2Fcategories&post=260565"},{"taxonomy":"post_tag","embeddable":true,"href":"https:\/\/diariodominicano.com\/index.php?rest_route=%2Fwp%2Fv2%2Ftags&post=260565"}],"curies":[{"name":"wp","href":"https:\/\/api.w.org\/{rel}","templated":true}]}}