{"id":260563,"date":"2020-12-03T23:41:56","date_gmt":"2020-12-03T23:41:56","guid":{"rendered":"http:\/\/diariodominicano.ddns.net\/?p=260563"},"modified":"2020-12-03T23:41:56","modified_gmt":"2020-12-03T23:41:56","slug":"hijo-de-cesar-prieto-afirma-su-padre-nunca-descuido-su-familia","status":"publish","type":"post","link":"https:\/\/diariodominicano.com\/?p=260563","title":{"rendered":"Hijo de Cesar Prieto afirma su padre nunca descuid\u00f3 su familia"},"content":{"rendered":"<p><body><\/p>\n<p><img decoding=\"async\" src=\"http:\/\/localhost:8080\/img3\/prieto1.jpeg\" \/><br \/><img decoding=\"async\" src=\"http:\/\/localhost:8080\/img3\/prieto2.jpeg\" \/><br \/><img decoding=\"async\" src=\"http:\/\/localhost:8080\/img3\/prieto3.jpeg\" \/>  <\/p>\n<p><strong>Diariodominicano.com<\/strong><\/p>\n<p><strong>Hijo de Cesar Prieto afirma su padre nunca descuid\u00f3 su familia<\/strong><\/p>\n<p><strong>Bashir Prieto agradece respaldo dado por el PLD a su familia en el momento dif\u00edcil de la p\u00e9rdida de su padre<\/strong><\/p>\n<p><strong>Santo Domingo, RD, 3 de diciembre de 2020.-<\/strong> Bashir Prieto Abinader, hijo del fenecido C\u00e9sar Prieto y miembro del Comit\u00e9 Central del Partido de la Liberaci\u00f3n Dominicana (PLD), dijo que su padre replic\u00f3 los preceptos de servicio a los dem\u00e1s, cuando conoci\u00f3 al l\u00edder y fundador del PLD, el  profesor Juan Bosch.<\/p>\n<\/p>\n<p>Al pronunciar las palabras de agradecimiento a nombre de su madre y esposa de su progenitor Sandra Abinader, su hermano y t\u00edos, t\u00edas y dem\u00e1s familiares confes\u00f3 que cuando su padre conoci\u00f3 al Profesor Juan Bosch y lo escuch\u00f3 hablar, inmediatamente se enamor\u00f3 de su discurso, motiv\u00e1ndolo a incursionar en la pol\u00edtica.<\/p>\n<\/p>\n<p>\u00abGracias por estar aqu\u00ed, esto lo aprend\u00ed de mi pap\u00e1, la gratitud\u00bb, manifest\u00f3 Prieto Abinader altamente compungido.<\/p>\n<\/p>\n<p>En las honras f\u00fanebres realizadas al inicio de la tarde en el Cementerio Cristo Redentor y despu\u00e9s de escuchar a Lidio Cadet, ex secretario general del PLD,  en una reflexi\u00f3n espiritual, a Tem\u00edstocles Mont\u00e1s con unas palabras a nombre de la direcci\u00f3n pol\u00edtica del PLD, de Rub\u00e9n Bichara en su calidad de compa\u00f1ero y amigo y del ex Presidente Danilo Medina, Bashir Prieto  expres\u00f3 que esa vida de servicio promovida por Juan Bosch la transmiti\u00f3 a los dem\u00e1s, tanto en su entorno privado como p\u00fablico.<\/p>\n<\/p>\n<p>Tambi\u00e9n agradeci\u00f3 al ex presidente Danilo Medina, quien se encontraba presente en el sepelio llevado a cabo en el Cementerio Cristo Redentor, por haber tomado en cuenta a su padre para designarlo en varias funciones p\u00fablicas, la que desempe\u00f1\u00f3 con esmero y honradez.<\/p>\n<\/p>\n<p>Expres\u00f3 que a pesar de las responsabilidades que tuvo como funcionario p\u00fablico y empresario, nunca descuid\u00f3  a su familia y le extend\u00eda su mano solidaria a cualquiera que lo solicitaba sin importar las bander\u00edas pol\u00edticas.<\/p>\n<\/p>\n<p>Para terminar sus palabras hizo menci\u00f3n a la frase de Juan Bosch de que \u00abun hombre nunca muere si su memoria es recordada siempre\u00bb, a\u00f1adiendo que el Partido de la Liberaci\u00f3n Dominicana fue la casa de su padre, de su madre  y la suya.<\/p>\n<\/p>\n<\/p>\n<p>SECRETARIA DE COMUNICACIONES<\/p>\n<\/p>\n<p>03 DE DICIEMBRE, 2020.-<\/p>\n<\/p>\n<h6> 2020-12-03 23:41:56 <\/h6>\n<p><!--\n<link rel=\"stylesheet\" href=\"css\/bootstrap.min.css\">\n\n\n<ul class=\"pagination\">\n\t    \n\t\n\n<li >\n\t<a href='?page_no=51'>Previous<\/a>\n\t<\/li>\n\n\n       \n    \n\n<li><a href='?page_no=1'>1<\/a><\/li>\n\n\n\n<li><a href='?page_no=2'>2<\/a><\/li>\n\n\n\n<li><a>...<\/a><\/li>\n\n\n\n<li><a href='?page_no=50'>50<\/a><\/li>\n\n\n\n<li><a href='?page_no=51'>51<\/a><\/li>\n\n\n\n<li class='active'><a>52<\/a><\/li>\n\n\n\n<li><a href='?page_no=53'>53<\/a><\/li>\n\n\n\n<li><a href='?page_no=54'>54<\/a><\/li>\n\n\n\n<li><a>...<\/a><\/li>\n\n\n\n<li><a href='?page_no=57'>57<\/a><\/li>\n\n\n\n<li><a href='?page_no=58'>58<\/a><\/li>\n\n    \n\t\n\n<li >\n\t<a href='?page_no=53'>Next<\/a>\n\t<\/li>\n\n\n    \n\n<li><a href='?page_no=58'>Last &rsaquo;&rsaquo;<\/a><\/li>\n\n<\/ul>\n\n\n--><br \/>\n<\/body><\/p>\n","protected":false},"excerpt":{"rendered":"<p>Diariodominicano.com Hijo de Cesar Prieto afirma su padre nunca descuid\u00f3 su familia Bashir Prieto agradece respaldo dado por el PLD a su familia en el momento dif\u00edcil de la p\u00e9rdida de su padre Santo Domingo, RD, 3 de diciembre de 2020.- Bashir Prieto Abinader, hijo del fenecido C\u00e9sar Prieto y miembro del Comit\u00e9 Central del [&hellip;]<\/p>\n","protected":false},"author":3,"featured_media":0,"comment_status":"open","ping_status":"open","sticky":false,"template":"","format":"standard","meta":{"footnotes":""},"categories":[22],"tags":[],"class_list":["post-260563","post","type-post","status-publish","format-standard","hentry","category-politica"],"_links":{"self":[{"href":"https:\/\/diariodominicano.com\/index.php?rest_route=\/wp\/v2\/posts\/260563","targetHints":{"allow":["GET"]}}],"collection":[{"href":"https:\/\/diariodominicano.com\/index.php?rest_route=\/wp\/v2\/posts"}],"about":[{"href":"https:\/\/diariodominicano.com\/index.php?rest_route=\/wp\/v2\/types\/post"}],"author":[{"embeddable":true,"href":"https:\/\/diariodominicano.com\/index.php?rest_route=\/wp\/v2\/users\/3"}],"replies":[{"embeddable":true,"href":"https:\/\/diariodominicano.com\/index.php?rest_route=%2Fwp%2Fv2%2Fcomments&post=260563"}],"version-history":[{"count":0,"href":"https:\/\/diariodominicano.com\/index.php?rest_route=\/wp\/v2\/posts\/260563\/revisions"}],"wp:attachment":[{"href":"https:\/\/diariodominicano.com\/index.php?rest_route=%2Fwp%2Fv2%2Fmedia&parent=260563"}],"wp:term":[{"taxonomy":"category","embeddable":true,"href":"https:\/\/diariodominicano.com\/index.php?rest_route=%2Fwp%2Fv2%2Fcategories&post=260563"},{"taxonomy":"post_tag","embeddable":true,"href":"https:\/\/diariodominicano.com\/index.php?rest_route=%2Fwp%2Fv2%2Ftags&post=260563"}],"curies":[{"name":"wp","href":"https:\/\/api.w.org\/{rel}","templated":true}]}}