{"id":260562,"date":"2020-12-04T00:50:38","date_gmt":"2020-12-04T00:50:38","guid":{"rendered":"http:\/\/diariodominicano.ddns.net\/?p=260562"},"modified":"2020-12-04T00:50:38","modified_gmt":"2020-12-04T00:50:38","slug":"danilo-medina-afirma-cesar-prieto-prefirio-morir-con-dignidad-que-vivir-sin-moral","status":"publish","type":"post","link":"https:\/\/diariodominicano.com\/?p=260562","title":{"rendered":"Danilo Medina afirma \u00abC\u00e9sar Prieto prefiri\u00f3 morir con dignidad  que vivir sin moral\u00bb"},"content":{"rendered":"<p><body><\/p>\n<p><img decoding=\"async\" src=\"http:\/\/localhost:8080\/img3\/danilo en cesar0.jpeg\" \/><br \/><img decoding=\"async\" src=\"http:\/\/localhost:8080\/img3\/pesame.jpeg\" \/><br \/><img decoding=\"async\" src=\"http:\/\/localhost:8080\/img3\/pesame2.jpeg\" \/>  <\/p>\n<p><strong>Diariodominicano.com<\/strong><\/p>\n<p><strong>Danilo Medina afirma \u00abC\u00e9sar Prieto prefiri\u00f3 morir con dignidad  que vivir sin moral\u00bb<\/strong><\/p>\n<p><strong>Santo Domingo, RD, 3 de diciembre de 2020.- <\/strong>El expresidente de la Rep\u00fablica, Danilo Medina, defini\u00f3 a C\u00e9sar Prieto, como un hombre \u00edntegro, honesto y responsable, que prefiri\u00f3 morir con dignidad, que vivir sin moral.<\/p>\n<\/p>\n<p> \u00abNo critico a C\u00e9sar pero lo entiendo, expres\u00f3. <\/p>\n<\/p>\n<p>Danilo Medina dijo la vida no tiene sentido cuando te da\u00f1an moralmente. Hay quienes te asesinan moralmente para luego asesinarte f\u00edsicamente\u00bb, expres\u00f3 Medina,  miembro del Comit\u00e9 Pol\u00edtico del Partido de la Liberaci\u00f3n Dominicana, en las palabras de despedida  a Cesar Prieto en las honras f\u00fanebres desarrolladas  en el Cementerio Cristo Redentor al inicio de la tarde del jueves.<\/p>\n<\/p>\n<\/p>\n<p><strong>Reiter\u00f3 que el ex miembro del Comit\u00e9 Central del PLD y sub secretario de Organizaci\u00f3n,  prefiri\u00f3 morir con dignidad y no vivir sin moral, y que ese es el legado que les hace a todos los militantes del Partido de la Liberaci\u00f3n Dominicana.<\/strong><\/p>\n<p><strong> <\/strong><\/p>\n<\/p>\n<p>El ex presidente Medina revel\u00f3 en su discurso en el campo santo, que Prieto lo llam\u00f3 el pasado lunes 23 para decirle que lo quer\u00eda ver,  a lo que accedi\u00f3. \u00abMe agradeci\u00f3 por haberlo hecho parte del gobierno, le dije que no ten\u00eda nada que agradecerme porque hab\u00eda ganado con creces cualquier posici\u00f3n dentro del gobierno\u00bb.<\/p>\n<\/p>\n<\/p>\n<p> \u00abC\u00e9sar me dijo que no quer\u00eda que yo me sintiera avergonzado de \u00e9l; entonces le dije por qu\u00e9 me sentir\u00eda yo avergonzado de ti C\u00e9sar. Entonces me dijo, estoy recibiendo cantidad de informaciones que me dicen que mi casa la van a allanar y que me van a detener acus\u00e1ndome de corrupci\u00f3n\u00bb.<\/p>\n<\/p>\n<\/p>\n<p>Inform\u00f3 que le recomend\u00f3 que se olvidara de ello porque de eso lo estaban acusando a todos, y le cambi\u00f3 la conversaci\u00f3n indicando que se preocupara por levantar nuevamente su empresa de importaci\u00f3n de alimentos la cual le hab\u00eda comentado que estaba pasando por un mal momento.<\/p>\n<\/p>\n<\/p>\n<p>Le sugiri\u00f3 que se dedicara a su empresa, de la que hab\u00eda vivido siempre y que si le quedaba alg\u00fan tiempo se lo dedicara al Noveno Congreso del PLD.<\/p>\n<\/p>\n<\/p>\n<p>Refiri\u00f3 que hay muchas personas que mueren y a los diez o veinte d\u00edas se olvidan, pero que un hombre que ha muerto por causas como muri\u00f3 C\u00e9sar defendiendo su honor, su buena honra y su dignidad, eso nunca muere.<\/p>\n<\/p>\n<\/p>\n<p><strong>\u00abEso nunca va a morir yo s\u00e9 que C\u00e9sar fue sometido en los \u00faltimos d\u00edas a tormentos que no pudo soportar porque no conceb\u00eda que cuando saliera a las calles y viera la gente murmurando y se\u00f1alando ese es uno de los ladrones del PLD, y por eso prefiri\u00f3 irse con toda su dignidad y su honor al m\u00e1s all\u00e1\u00bb, expres\u00f3 compungido Danilo Medina.<\/strong><\/p>\n<p><strong> <\/strong><\/p>\n<\/p>\n<p>Concluy\u00f3 sus palabras se\u00f1alando que C\u00e9sar muri\u00f3 con la dignidad con que siempre vivi\u00f3. \u00abQue descanse en paz\u00bb.<\/p>\n<\/p>\n<\/p>\n<p>SECRETARIA DE COMUNICACIONES<\/p>\n<\/p>\n<p>03 DE DICIEMBRE, 2020.-<\/p>\n<h6> 2020-12-04 00:50:38 <\/h6>\n<p><!--\n<link rel=\"stylesheet\" href=\"css\/bootstrap.min.css\">\n\n\n<ul class=\"pagination\">\n\t    \n\t\n\n<li >\n\t<a href='?page_no=50'>Previous<\/a>\n\t<\/li>\n\n\n       \n    \n\n<li><a href='?page_no=1'>1<\/a><\/li>\n\n\n\n<li><a href='?page_no=2'>2<\/a><\/li>\n\n\n\n<li><a>...<\/a><\/li>\n\n\n\n<li><a href='?page_no=49'>49<\/a><\/li>\n\n\n\n<li><a href='?page_no=50'>50<\/a><\/li>\n\n\n\n<li class='active'><a>51<\/a><\/li>\n\n\n\n<li><a href='?page_no=52'>52<\/a><\/li>\n\n\n\n<li><a href='?page_no=53'>53<\/a><\/li>\n\n\n\n<li><a>...<\/a><\/li>\n\n\n\n<li><a href='?page_no=57'>57<\/a><\/li>\n\n\n\n<li><a href='?page_no=58'>58<\/a><\/li>\n\n    \n\t\n\n<li >\n\t<a href='?page_no=52'>Next<\/a>\n\t<\/li>\n\n\n    \n\n<li><a href='?page_no=58'>Last &rsaquo;&rsaquo;<\/a><\/li>\n\n<\/ul>\n\n\n--><br \/>\n<\/body><\/p>\n","protected":false},"excerpt":{"rendered":"<p>Diariodominicano.com Danilo Medina afirma \u00abC\u00e9sar Prieto prefiri\u00f3 morir con dignidad que vivir sin moral\u00bb Santo Domingo, RD, 3 de diciembre de 2020.- El expresidente de la Rep\u00fablica, Danilo Medina, defini\u00f3 a C\u00e9sar Prieto, como un hombre \u00edntegro, honesto y responsable, que prefiri\u00f3 morir con dignidad, que vivir sin moral. \u00abNo critico a C\u00e9sar pero lo [&hellip;]<\/p>\n","protected":false},"author":3,"featured_media":0,"comment_status":"open","ping_status":"open","sticky":false,"template":"","format":"standard","meta":{"footnotes":""},"categories":[22],"tags":[],"class_list":["post-260562","post","type-post","status-publish","format-standard","hentry","category-politica"],"_links":{"self":[{"href":"https:\/\/diariodominicano.com\/index.php?rest_route=\/wp\/v2\/posts\/260562","targetHints":{"allow":["GET"]}}],"collection":[{"href":"https:\/\/diariodominicano.com\/index.php?rest_route=\/wp\/v2\/posts"}],"about":[{"href":"https:\/\/diariodominicano.com\/index.php?rest_route=\/wp\/v2\/types\/post"}],"author":[{"embeddable":true,"href":"https:\/\/diariodominicano.com\/index.php?rest_route=\/wp\/v2\/users\/3"}],"replies":[{"embeddable":true,"href":"https:\/\/diariodominicano.com\/index.php?rest_route=%2Fwp%2Fv2%2Fcomments&post=260562"}],"version-history":[{"count":0,"href":"https:\/\/diariodominicano.com\/index.php?rest_route=\/wp\/v2\/posts\/260562\/revisions"}],"wp:attachment":[{"href":"https:\/\/diariodominicano.com\/index.php?rest_route=%2Fwp%2Fv2%2Fmedia&parent=260562"}],"wp:term":[{"taxonomy":"category","embeddable":true,"href":"https:\/\/diariodominicano.com\/index.php?rest_route=%2Fwp%2Fv2%2Fcategories&post=260562"},{"taxonomy":"post_tag","embeddable":true,"href":"https:\/\/diariodominicano.com\/index.php?rest_route=%2Fwp%2Fv2%2Ftags&post=260562"}],"curies":[{"name":"wp","href":"https:\/\/api.w.org\/{rel}","templated":true}]}}