{"id":260561,"date":"2020-12-04T13:41:47","date_gmt":"2020-12-04T13:41:47","guid":{"rendered":"http:\/\/diariodominicano.ddns.net\/?p=260561"},"modified":"2020-12-04T13:41:47","modified_gmt":"2020-12-04T13:41:47","slug":"secretaria-de-asuntos-juridicos-del-pld-considera-exagerada-la-prision-como-medida-de-coercion-a-los-ex-funcionarios-del-gobierno-pasado-arrestados","status":"publish","type":"post","link":"https:\/\/diariodominicano.com\/?p=260561","title":{"rendered":"Secretar\u00eda de Asuntos Jur\u00eddicos del PLD, considera exagerada la prisi\u00f3n como medida de coerci\u00f3n a los ex funcionarios del Gobierno pasado arrestados"},"content":{"rendered":"<p><body><\/p>\n<p><strong>Diariodominicano.com<\/strong><\/p>\n<p><strong>Jos\u00e9 Dant\u00e9s <\/strong><\/p>\n<p><strong>Secretar\u00eda de Asuntos Jur\u00eddicos del PLD, considera exagerada la prisi\u00f3n como medida de coerci\u00f3n a los ex funcionarios del Gobierno pasado <\/strong><\/p>\n<p><strong> <\/strong><\/p>\n<p><strong>Santo Domingo, RD, 4 de diciembre de 2020.-<\/strong> El jurista Jos\u00e9 Dant\u00e9s D\u00edaz, titularidad de la Secretar\u00eda de Asuntos Jur\u00eddicos del Partido de la Liberaci\u00f3n Dominicana (PLD), dijo que el pr\u00f3ximo domingo,  en el conocimiento de  las medidas de coerci\u00f3n a ex funcionarios del pasado gobierno solicitada por el Ministerio P\u00fablico, lo que se persigue en la audiencia fijada es si los imputados \u00abcuentan o no con el arraigo para no sustraerse del proceso penal\u00bb.<\/p>\n<\/p>\n<\/p>\n<p>\u00abEl Ministerio P\u00fablico ha solicitado prisi\u00f3n preventiva para los imputados y la observaci\u00f3n del historial de las personas que guardan prisi\u00f3n en el Palacio de Justicia de Ciudad Nueva permiten concluir que ellos  no representan peligro de fuga, no representan peligro alguno para la sociedad y tampoco para la investigaci\u00f3n\u00bb, declar\u00f3 Dant\u00e9s D\u00edaz, refutando as\u00ed el pedido de prisi\u00f3n preventiva.<\/p>\n<\/p>\n<\/p>\n<p>En declaraciones a los medios de comunicaci\u00f3n, que la Secretar\u00eda de Comunicaciones  del PLD  rese\u00f1a en un despacho de prensa, el jurista explica que no se re\u00fanen los elementos para pedir prisi\u00f3n como  medida de coerci\u00f3n.<\/p>\n<\/p>\n<\/p>\n<p>Entiende que bien se pudiera solicitar otro tipo de medidas de coerci\u00f3n que no sea la prisi\u00f3n, como ha sucedido en otros casos de mayores implicaciones legales, que \u00e9l que se ventila en la actualidad.<\/p>\n<\/p>\n<\/p>\n<p>\u00abLo que se quiere es  que estas personas puedan asistir al proceso y no distraerse del mismo\u00bb, dijo Dantes D\u00edaz, sugiriendo as\u00ed otras medidas de coerci\u00f3n.   <\/p>\n<\/p>\n<\/p>\n<p>Consider\u00f3 como exagerado  que se haya solicitado la medida de coerci\u00f3n m\u00e1s grave, siendo esta la excepci\u00f3n de la regla.<\/p>\n<\/p>\n<\/p>\n<p>Apunt\u00f3 que en este proceso lo \u00fanico que tiene un valor jur\u00eddico son las pruebas, ya que \u00e9stas son las que evidencian los hechos y determinan la culpabilidad \u00abSi no hay pruebas que demuestre lo que la fiscal\u00eda est\u00e1 planteando,  no habr\u00e1 proceso alguno\u00bb, argument\u00f3<\/p>\n<\/p>\n<\/p>\n<\/p>\n<p>SECRETARIA DE COMUNICACIONES<\/p>\n<\/p>\n<p>4 DE DICIEMBRE, 2020<\/p>\n<\/p>\n<\/p>\n<h6> 2020-12-04 13:41:47 <\/h6>\n<p><!--\n<link rel=\"stylesheet\" href=\"css\/bootstrap.min.css\">\n\n\n<ul class=\"pagination\">\n\t    \n\t\n\n<li >\n\t<a href='?page_no=49'>Previous<\/a>\n\t<\/li>\n\n\n       \n    \n\n<li><a href='?page_no=1'>1<\/a><\/li>\n\n\n\n<li><a href='?page_no=2'>2<\/a><\/li>\n\n\n\n<li><a>...<\/a><\/li>\n\n\n\n<li><a href='?page_no=48'>48<\/a><\/li>\n\n\n\n<li><a href='?page_no=49'>49<\/a><\/li>\n\n\n\n<li class='active'><a>50<\/a><\/li>\n\n\n\n<li><a href='?page_no=51'>51<\/a><\/li>\n\n\n\n<li><a href='?page_no=52'>52<\/a><\/li>\n\n\n\n<li><a>...<\/a><\/li>\n\n\n\n<li><a href='?page_no=57'>57<\/a><\/li>\n\n\n\n<li><a href='?page_no=58'>58<\/a><\/li>\n\n    \n\t\n\n<li >\n\t<a href='?page_no=51'>Next<\/a>\n\t<\/li>\n\n\n    \n\n<li><a href='?page_no=58'>Last &rsaquo;&rsaquo;<\/a><\/li>\n\n<\/ul>\n\n\n--><br \/>\n<\/body><\/p>\n","protected":false},"excerpt":{"rendered":"<p>Diariodominicano.com Jos\u00e9 Dant\u00e9s Secretar\u00eda de Asuntos Jur\u00eddicos del PLD, considera exagerada la prisi\u00f3n como medida de coerci\u00f3n a los ex funcionarios del Gobierno pasado Santo Domingo, RD, 4 de diciembre de 2020.- El jurista Jos\u00e9 Dant\u00e9s D\u00edaz, titularidad de la Secretar\u00eda de Asuntos Jur\u00eddicos del Partido de la Liberaci\u00f3n Dominicana (PLD), dijo que el pr\u00f3ximo [&hellip;]<\/p>\n","protected":false},"author":3,"featured_media":0,"comment_status":"open","ping_status":"open","sticky":false,"template":"","format":"standard","meta":{"footnotes":""},"categories":[22],"tags":[],"class_list":["post-260561","post","type-post","status-publish","format-standard","hentry","category-politica"],"_links":{"self":[{"href":"https:\/\/diariodominicano.com\/index.php?rest_route=\/wp\/v2\/posts\/260561","targetHints":{"allow":["GET"]}}],"collection":[{"href":"https:\/\/diariodominicano.com\/index.php?rest_route=\/wp\/v2\/posts"}],"about":[{"href":"https:\/\/diariodominicano.com\/index.php?rest_route=\/wp\/v2\/types\/post"}],"author":[{"embeddable":true,"href":"https:\/\/diariodominicano.com\/index.php?rest_route=\/wp\/v2\/users\/3"}],"replies":[{"embeddable":true,"href":"https:\/\/diariodominicano.com\/index.php?rest_route=%2Fwp%2Fv2%2Fcomments&post=260561"}],"version-history":[{"count":0,"href":"https:\/\/diariodominicano.com\/index.php?rest_route=\/wp\/v2\/posts\/260561\/revisions"}],"wp:attachment":[{"href":"https:\/\/diariodominicano.com\/index.php?rest_route=%2Fwp%2Fv2%2Fmedia&parent=260561"}],"wp:term":[{"taxonomy":"category","embeddable":true,"href":"https:\/\/diariodominicano.com\/index.php?rest_route=%2Fwp%2Fv2%2Fcategories&post=260561"},{"taxonomy":"post_tag","embeddable":true,"href":"https:\/\/diariodominicano.com\/index.php?rest_route=%2Fwp%2Fv2%2Ftags&post=260561"}],"curies":[{"name":"wp","href":"https:\/\/api.w.org\/{rel}","templated":true}]}}