{"id":260558,"date":"2020-12-06T13:50:13","date_gmt":"2020-12-06T13:50:13","guid":{"rendered":"http:\/\/diariodominicano.ddns.net\/?p=260558"},"modified":"2020-12-06T13:50:13","modified_gmt":"2020-12-06T13:50:13","slug":"en-asamblea-de-orientacion-sobre-proxima-fase-del-congreso-del-pld-melanio-paredes-dice-gobierno-complace-pero-no-satisface","status":"publish","type":"post","link":"https:\/\/diariodominicano.com\/?p=260558","title":{"rendered":"En asamblea de orientaci\u00f3n sobre pr\u00f3xima fase del Congreso del PLD, Melanio Paredes dice Gobierno complace, pero no satisface"},"content":{"rendered":"<p><body><\/p>\n<p><img decoding=\"async\" src=\"http:\/\/localhost:8080\/img3\/PLD-6-12-20.jpg\" \/>  <\/p>\n<p><span class=\"text1noticias\">diariodominicano.com<\/span><\/p>\n<\/p>\n<p><span class=\"text1noticias\">Santo Domingo, R. D., 6 de diciembre, 2020.- Melanio Paredes, miembro del Comit\u00e9 Pol\u00edtico y de la Comisi\u00f3n Organizadora del IX Congreso Ordinario Jos\u00e9 Joaqu\u00edn Bid\u00f3 Medina del Partido de la Liberaci\u00f3n Dominicana (PLD)  al calificar de medi\u00e1tica la  gesti\u00f3n de gobierno de Luis Abinader   dijo  que \u00abla presente administraci\u00f3n complace, pero no satisface\u00bb.<\/span><\/p>\n<p><span class=\"text1noticias\"> <\/span><\/p>\n<p><span class=\"text1noticias\">\u00abEs un gobierno y un Presidente que complace, pero no satisface. Complace el morbo y lo que le piden,  porque es un Gobierno medi\u00e1tico.  No satisface las verdaderas necesidades del pueblo\u00bb dijo Paredes en una asamblea  en Santiago de los Caballeros a la que asistieron dirigentes de todos los municipios de la provincia Santiago.<\/span><\/p>\n<p><span class=\"text1noticias\"> <\/span><\/p>\n<p><span class=\"text1noticias\">El encuentro fue organizado por la Comisi\u00f3n Organizadora del   IX Congreso Ordinario Jos\u00e9 Joaqu\u00edn Bid\u00f3 Medina con miras orientar sobre la nueva fase del evento partidario que ha pautado el pr\u00f3ximo fin de semana para celebrar los plenos de los Comit\u00e9s Municipales, Provinciales, de Circunscripciones y de Seccionales en los que se conocer\u00e1n  la segunda versi\u00f3n de los documentos e ir preparando el escenario  para la Plenaria General, pautada para mediados del corriente diciembre.<\/span><\/p>\n<p><span class=\"text1noticias\"> <\/span><\/p>\n<p><span class=\"text1noticias\">Acompa\u00f1aron a Melanio Paredes de la Comisi\u00f3n Organizadora Abel Mart\u00ednez, Clara Cruz y  Thelma Eusebio, de la Direcci\u00f3n Pol\u00edtica de Santiago  Francisco Dom\u00ednguez Brito, Ram\u00f3n Ventura Camejo, V\u00edctor Fadul, Aura Toribio y Jos\u00e9 Arturo Tatis, Presidente del Comit\u00e9 Municipal, entre otros.<\/span><\/p>\n<p><span class=\"text1noticias\"> <\/span><\/p>\n<p><span class=\"text1noticias\">En la asamblea que se instruy\u00f3 sobre los trabajos pendientes, habl\u00f3 tambi\u00e9n Ram\u00f3n Ventura Camejo y se respondieron preguntas sobre el curso del Congreso y su agenda tem\u00e1tica     <\/span><\/p>\n<p><span class=\"text1noticias\"> <\/span><\/p>\n<p><span class=\"text1noticias\">En su intervenci\u00f3n Melanio Paredes apunt\u00f3 el papel hist\u00f3rico de Santiago en la consolidaci\u00f3n de la Independencia Nacional, los aportes al afianzamiento  de la democracia y el rol jugado en el Partido de la Liberaci\u00f3n Dominicana, siendo de las  plazas que le otorgaron los primeros triunfos al Partido en la etapa de consolidaci\u00f3n como fuerza pol\u00edtica<\/span><\/p>\n<p><span class=\"text1noticias\"> <\/span><\/p>\n<p><span class=\"text1noticias\">En ese rol apel\u00f3 a las y los santiagueros peledeistas a jugar un papel activo en el Congreso partidario que tiene sus miras en la celebraci\u00f3n de las plenarias de Comit\u00e9s Municipales, Provinciales, de Circunscripciones y Seccionales para el pr\u00f3ximo fin de semana.<\/span><\/p>\n<p><span class=\"text1noticias\"> <\/span><\/p>\n<p><span class=\"text1noticias\"> Dijo, recordando una de los combates por el t\u00edtulo del peso completo de boxeo de Mohamed Ali, que por m\u00e1s golpe que reciba el PLD, cual boxeador de excelente pegada,  se repondr\u00e1 y vencer\u00e1 su adversario por nocaut y para ello cuenta con el respaldo del pueblo y el inspirado trabajo de las mujeres y hombres de esa organizaci\u00f3n<\/span><\/p>\n<p><span class=\"text1noticias\"> <\/span><\/p>\n<p><span class=\"text1noticias\">\u00abDe lo que se trata es de mantener la resistencia, mantener al PLD erguido, no importa los golpes recibidos\u00bb dijo Melanio Paredes motivando a la integraci\u00f3n y al trabajo para transformar y consolidar al Partido, como se destaca en el lema del Noveno Congreso.<\/span><\/p>\n<p><span class=\"text1noticias\"> <\/span><\/p>\n<p><span class=\"text1noticias\">En ese sentido exhort\u00f3 a mantener la frente en alto y presentar como bandera de lucha las gestiones de gobierno de la organizaci\u00f3n.<\/span><\/p>\n<p><span class=\"text1noticias\"> <\/span><\/p>\n<p><span class=\"text1noticias\">Explic\u00f3 que tanto la Comisi\u00f3n Organizadora del IX Congreso Ordinario Jos\u00e9 Joaqu\u00edn Bid\u00f3 Medina, como la direcci\u00f3n pol\u00edtica, adoptaron la firme decisi\u00f3n de continuar con el cronograma del evento partidario, pese a los inconvenientes de los \u00faltimos d\u00edas, porque de \u00e9l, saldr\u00e1 una organizaci\u00f3n fortalecida.<\/span><\/p>\n<p><span class=\"text1noticias\"> <\/span><\/p>\n<p><span class=\"text1noticias\"> Al igual que en Santiago, en la ma\u00f1ana y tarde del pasado s\u00e1bado se celebraron asambleas de orientaci\u00f3n y motivaci\u00f3n hacia nueva fase del Congreso del PLD en las provincias Hermanas Mirabal y Duarte, coordinadas por Andr\u00e9s Navarro, miembro del Comit\u00e9 Pol\u00edtico y de la Comisi\u00f3n Organizadora.<\/span><\/p>\n<p><span class=\"text1noticias\"> <\/span><\/p>\n<p><span class=\"text1noticias\">Fuente: SECRETARIA DE COMUNICACIONES<\/span> <\/p>\n<p>6 DICIEMBRE 2020<\/p>\n<\/p>\n<h6> 2020-12-06 13:50:13 <\/h6>\n<p><!--\n<link rel=\"stylesheet\" href=\"css\/bootstrap.min.css\">\n\n\n<ul class=\"pagination\">\n\t    \n\t\n\n<li >\n\t<a href='?page_no=47'>Previous<\/a>\n\t<\/li>\n\n\n       \n    \n\n<li><a href='?page_no=1'>1<\/a><\/li>\n\n\n\n<li><a href='?page_no=2'>2<\/a><\/li>\n\n\n\n<li><a>...<\/a><\/li>\n\n\n\n<li><a href='?page_no=46'>46<\/a><\/li>\n\n\n\n<li><a href='?page_no=47'>47<\/a><\/li>\n\n\n\n<li class='active'><a>48<\/a><\/li>\n\n\n\n<li><a href='?page_no=49'>49<\/a><\/li>\n\n\n\n<li><a href='?page_no=50'>50<\/a><\/li>\n\n\n\n<li><a>...<\/a><\/li>\n\n\n\n<li><a href='?page_no=57'>57<\/a><\/li>\n\n\n\n<li><a href='?page_no=58'>58<\/a><\/li>\n\n    \n\t\n\n<li >\n\t<a href='?page_no=49'>Next<\/a>\n\t<\/li>\n\n\n    \n\n<li><a href='?page_no=58'>Last &rsaquo;&rsaquo;<\/a><\/li>\n\n<\/ul>\n\n\n--><br \/>\n<\/body><\/p>\n","protected":false},"excerpt":{"rendered":"<p>diariodominicano.com Santo Domingo, R. D., 6 de diciembre, 2020.- Melanio Paredes, miembro del Comit\u00e9 Pol\u00edtico y de la Comisi\u00f3n Organizadora del IX Congreso Ordinario Jos\u00e9 Joaqu\u00edn Bid\u00f3 Medina del Partido de la Liberaci\u00f3n Dominicana (PLD) al calificar de medi\u00e1tica la gesti\u00f3n de gobierno de Luis Abinader dijo que \u00abla presente administraci\u00f3n complace, pero no satisface\u00bb. [&hellip;]<\/p>\n","protected":false},"author":3,"featured_media":0,"comment_status":"open","ping_status":"open","sticky":false,"template":"","format":"standard","meta":{"footnotes":""},"categories":[22],"tags":[],"class_list":["post-260558","post","type-post","status-publish","format-standard","hentry","category-politica"],"_links":{"self":[{"href":"https:\/\/diariodominicano.com\/index.php?rest_route=\/wp\/v2\/posts\/260558","targetHints":{"allow":["GET"]}}],"collection":[{"href":"https:\/\/diariodominicano.com\/index.php?rest_route=\/wp\/v2\/posts"}],"about":[{"href":"https:\/\/diariodominicano.com\/index.php?rest_route=\/wp\/v2\/types\/post"}],"author":[{"embeddable":true,"href":"https:\/\/diariodominicano.com\/index.php?rest_route=\/wp\/v2\/users\/3"}],"replies":[{"embeddable":true,"href":"https:\/\/diariodominicano.com\/index.php?rest_route=%2Fwp%2Fv2%2Fcomments&post=260558"}],"version-history":[{"count":0,"href":"https:\/\/diariodominicano.com\/index.php?rest_route=\/wp\/v2\/posts\/260558\/revisions"}],"wp:attachment":[{"href":"https:\/\/diariodominicano.com\/index.php?rest_route=%2Fwp%2Fv2%2Fmedia&parent=260558"}],"wp:term":[{"taxonomy":"category","embeddable":true,"href":"https:\/\/diariodominicano.com\/index.php?rest_route=%2Fwp%2Fv2%2Fcategories&post=260558"},{"taxonomy":"post_tag","embeddable":true,"href":"https:\/\/diariodominicano.com\/index.php?rest_route=%2Fwp%2Fv2%2Ftags&post=260558"}],"curies":[{"name":"wp","href":"https:\/\/api.w.org\/{rel}","templated":true}]}}