{"id":260555,"date":"2020-12-08T13:38:31","date_gmt":"2020-12-08T13:38:31","guid":{"rendered":"http:\/\/diariodominicano.ddns.net\/?p=260555"},"modified":"2020-12-08T13:38:31","modified_gmt":"2020-12-08T13:38:31","slug":"congreso-del-pld-prepara-plenarias-municipales-provinciales-de-circunscripciones-y-de-seccionales-para-el-fin-de-semana","status":"publish","type":"post","link":"https:\/\/diariodominicano.com\/?p=260555","title":{"rendered":"Congreso del PLD  prepara plenarias municipales, provinciales, de Circunscripciones  y de seccionales para el fin de semana"},"content":{"rendered":"<p><body><\/p>\n<p><img decoding=\"async\" src=\"http:\/\/localhost:8080\/img3\/corcongresoPLD8-12-20.JPG\" \/>  <\/p>\n<p><span class=\"text1noticias\">diariodominicano.com<\/span><\/p>\n<\/p>\n<p><span class=\"text1noticias\">Santo Domingo, R. D., 8 de diciembre, 2020.-  La Comisi\u00f3n Organizadora del IX  Congreso Ordinario Jos\u00e9 Joaqu\u00edn Bid\u00f3 Medina avanza en la recopilaci\u00f3n de nuevas propuestas sobre los  ejes tem\u00e1ticos para redactar nuevos documentos que ser\u00e1n motivo de discusi\u00f3n en los Plenos Municipales, Provinciales, de Circunscripciones y de Seccionales convocados para el venidero fin de semana.<\/span><\/p>\n<p><span class=\"text1noticias\"> <\/span><\/p>\n<p><span class=\"text1noticias\">En esa direcci\u00f3n la Comisi\u00f3n instruy\u00f3 a cada enlace  regional o provincial, miembro del Comit\u00e9 Pol\u00edtico ,  entregar en lo inmediato un calendario de la realizaci\u00f3n de los plenos a realizarse entre el viernes 11 al domingo 13 del mes en curso.<\/span><\/p>\n<p><span class=\"text1noticias\"> <\/span><\/p>\n<p><span class=\"text1noticias\">Con   las propuestas y sugerencias de los organismos partidarios, asentadas en la plataforma digital,  se prepara un compendio que servir\u00e1 de gu\u00eda a las deliberaciones en las reuniones del fin de semana.<\/span><\/p>\n<p><span class=\"text1noticias\"> <\/span><\/p>\n<p><span class=\"text1noticias\">Al recopilar las nuevas propuestas procedentes de los plenos de Comit\u00e9s Intermedios, se cumple con el Reglamento del IX  Congreso Ordinario Jos\u00e9 Joaqu\u00edn Bid\u00f3 Medina  que instruye preparar una segunda versi\u00f3n de documentos que incluya las sugerencias de modificaciones sugeridas.<\/span><\/p>\n<p><span class=\"text1noticias\"> <\/span><\/p>\n<p><span class=\"text1noticias\">En su reuni\u00f3n de la noche del lunes, la Comisi\u00f3n Organizadora del Noveno Congreso del PLD recibi\u00f3 tambi\u00e9n los detalles preliminares del montaje de  la Plenaria General tem\u00e1tica que se ha programado para  mediados del mes en curso.<\/span><\/p>\n<p><span class=\"text1noticias\"> <\/span><\/p>\n<p><span class=\"text1noticias\">Es en la Plenaria General donde  se aprobar\u00e1n  de manera definitiva los documentos que originar\u00e1n los nuevos Estatutos, L\u00ednea Organizativa, Declaraci\u00f3n de Principios y normativas   del accionar de los diferentes organismos y \u00f3rganos partidarios.<\/span><\/p>\n<p><span class=\"text1noticias\"> <\/span><\/p>\n<p><span class=\"text1noticias\">Para ir avanzando en la organizaci\u00f3n de la Plenaria General se designaron sendas comisiones, una referente a la organizaci\u00f3n del encuentro,  los detalles del orden y ubicaci\u00f3n  de los  delegados, as\u00ed como el traslado de los mismos al lugar seleccionado para la celebraci\u00f3n de la Plenaria.<\/span><\/p>\n<p><span class=\"text1noticias\"> <\/span><\/p>\n<p><span class=\"text1noticias\">La Comisi\u00f3n Organizadora del IX  Congreso Ordinario Jos\u00e9 Joaqu\u00edn Bid\u00f3 Medina se ha declarado en sesi\u00f3n permanente con encuentros diarios en los diferentes salones de la Casa Nacional del PLD en Gascue.<\/span><\/p>\n<p><span class=\"text1noticias\"> <\/span><\/p>\n<p><span class=\"text1noticias\">Fuente: SECRETAR\u00cdA DE COMUNICACIONES <\/span><\/p>\n<p><span class=\"text1noticias\">08 DE D<\/span>ICIEMBRE, 2020.-<\/p>\n<h6> 2020-12-08 13:38:31 <\/h6>\n<p><!--\n<link rel=\"stylesheet\" href=\"css\/bootstrap.min.css\">\n\n\n<ul class=\"pagination\">\n\t    \n\t\n\n<li >\n\t<a href='?page_no=44'>Previous<\/a>\n\t<\/li>\n\n\n       \n    \n\n<li><a href='?page_no=1'>1<\/a><\/li>\n\n\n\n<li><a href='?page_no=2'>2<\/a><\/li>\n\n\n\n<li><a>...<\/a><\/li>\n\n\n\n<li><a href='?page_no=43'>43<\/a><\/li>\n\n\n\n<li><a href='?page_no=44'>44<\/a><\/li>\n\n\n\n<li class='active'><a>45<\/a><\/li>\n\n\n\n<li><a href='?page_no=46'>46<\/a><\/li>\n\n\n\n<li><a href='?page_no=47'>47<\/a><\/li>\n\n\n\n<li><a>...<\/a><\/li>\n\n\n\n<li><a href='?page_no=57'>57<\/a><\/li>\n\n\n\n<li><a href='?page_no=58'>58<\/a><\/li>\n\n    \n\t\n\n<li >\n\t<a href='?page_no=46'>Next<\/a>\n\t<\/li>\n\n\n    \n\n<li><a href='?page_no=58'>Last &rsaquo;&rsaquo;<\/a><\/li>\n\n<\/ul>\n\n\n--><br \/>\n<\/body><\/p>\n","protected":false},"excerpt":{"rendered":"<p>diariodominicano.com Santo Domingo, R. D., 8 de diciembre, 2020.- La Comisi\u00f3n Organizadora del IX Congreso Ordinario Jos\u00e9 Joaqu\u00edn Bid\u00f3 Medina avanza en la recopilaci\u00f3n de nuevas propuestas sobre los ejes tem\u00e1ticos para redactar nuevos documentos que ser\u00e1n motivo de discusi\u00f3n en los Plenos Municipales, Provinciales, de Circunscripciones y de Seccionales convocados para el venidero fin [&hellip;]<\/p>\n","protected":false},"author":3,"featured_media":0,"comment_status":"open","ping_status":"open","sticky":false,"template":"","format":"standard","meta":{"footnotes":""},"categories":[22],"tags":[],"class_list":["post-260555","post","type-post","status-publish","format-standard","hentry","category-politica"],"_links":{"self":[{"href":"https:\/\/diariodominicano.com\/index.php?rest_route=\/wp\/v2\/posts\/260555","targetHints":{"allow":["GET"]}}],"collection":[{"href":"https:\/\/diariodominicano.com\/index.php?rest_route=\/wp\/v2\/posts"}],"about":[{"href":"https:\/\/diariodominicano.com\/index.php?rest_route=\/wp\/v2\/types\/post"}],"author":[{"embeddable":true,"href":"https:\/\/diariodominicano.com\/index.php?rest_route=\/wp\/v2\/users\/3"}],"replies":[{"embeddable":true,"href":"https:\/\/diariodominicano.com\/index.php?rest_route=%2Fwp%2Fv2%2Fcomments&post=260555"}],"version-history":[{"count":0,"href":"https:\/\/diariodominicano.com\/index.php?rest_route=\/wp\/v2\/posts\/260555\/revisions"}],"wp:attachment":[{"href":"https:\/\/diariodominicano.com\/index.php?rest_route=%2Fwp%2Fv2%2Fmedia&parent=260555"}],"wp:term":[{"taxonomy":"category","embeddable":true,"href":"https:\/\/diariodominicano.com\/index.php?rest_route=%2Fwp%2Fv2%2Fcategories&post=260555"},{"taxonomy":"post_tag","embeddable":true,"href":"https:\/\/diariodominicano.com\/index.php?rest_route=%2Fwp%2Fv2%2Ftags&post=260555"}],"curies":[{"name":"wp","href":"https:\/\/api.w.org\/{rel}","templated":true}]}}