{"id":255467,"date":"2015-01-24T23:32:07","date_gmt":"2015-01-24T23:32:07","guid":{"rendered":"http:\/\/diariodominicano.ddns.net\/?p=255467"},"modified":"2015-01-24T23:32:07","modified_gmt":"2015-01-24T23:32:07","slug":"obama-visitara-arabia-saudita-el-martes","status":"publish","type":"post","link":"https:\/\/diariodominicano.com\/?p=255467","title":{"rendered":"Obama visitar\u00e1 Arabia Saudita el martes"},"content":{"rendered":"<p><body><\/p>\n<p><span class=\"text1noticias\">WASHINGTON, 25 ene (Xinhua) &#8212; El  presidente de Estados Unidos, Barack Obama, visitar\u00e1 Arabia Saudita el martes luego de la muerte del rey Abdullah ocurrida la semana pasada, anunci\u00f3 la Casa Blanca.<\/span><\/p>\n<p><span class=\"text1noticias\"> <\/span><\/p>\n<p><span class=\"text1noticias\">Obama, en su camino hacia la India para una visita, llam\u00f3 al nuevo rey saud\u00ed, Salman bin Abdulaziz, para expresarle personalmente sus condolencias por la muerte del rey Abdullah, dijo la Casa Blanca en un comunicado.<\/span><\/p>\n<p><span class=\"text1noticias\"> <\/span><\/p>\n<p><span class=\"text1noticias\">Se\u00f1al\u00f3 que el rey Salman dio la bienvenida a la noticia de que Obama y su esposa Michelle viajar\u00e1n a Riad, capital saud\u00ed, para manifestar sus condolencias.<\/span><\/p>\n<p><span class=\"text1noticias\"> <\/span><\/p>\n<p><span class=\"text1noticias\">Obama emiti\u00f3 una declaraci\u00f3n elogiando al rey Abdullah, quien muri\u00f3 el viernes, por sus esfuerzos para promover la paz en la regi\u00f3n y por su \u00abfirme y apasionada creencia en la importancia de las relaciones entre Estados Unidos y Arabia Saudita como una fuerza para la estabilidad y la seguridad en Medio Oriente y m\u00e1s all\u00e1\u00bb.<\/span><\/p>\n<p><span class=\"text1noticias\"> <\/span><\/p>\n<p><span class=\"text1noticias\">No obstante, las relaciones bilaterales se tensaron debido a la postura de Washington en el conflicto sirio y por otros asuntos.<\/span><\/p>\n<p><span class=\"text1noticias\">La visita programada al Taj Mahal el martes antes de terminar la visita de Obama a la India, ha sido cancelada para dejar espacio para el viaje a Ri<\/span>ad.<\/p>\n<h6> 2015-01-24 23:32:07 <\/h6>\n<p><!--\n<link rel=\"stylesheet\" href=\"css\/bootstrap.min.css\">\n\n\n<ul class=\"pagination\">\n\t    \n\t\n\n<li >\n\t<a href='?page_no=25111'>Previous<\/a>\n\t<\/li>\n\n\n       \n    \n\n<li><a href='?page_no=1'>1<\/a><\/li>\n\n\n\n<li><a href='?page_no=2'>2<\/a><\/li>\n\n\n\n<li><a>...<\/a><\/li>\n\n\n\n<li><a href='?page_no=25110'>25110<\/a><\/li>\n\n\n\n<li><a href='?page_no=25111'>25111<\/a><\/li>\n\n\n\n<li class='active'><a>25112<\/a><\/li>\n\n\n\n<li><a href='?page_no=25113'>25113<\/a><\/li>\n\n\n\n<li><a href='?page_no=25114'>25114<\/a><\/li>\n\n\n\n<li><a>...<\/a><\/li>\n\n\n\n<li><a href='?page_no=51012'>51012<\/a><\/li>\n\n\n\n<li><a href='?page_no=51013'>51013<\/a><\/li>\n\n    \n\t\n\n<li >\n\t<a href='?page_no=25113'>Next<\/a>\n\t<\/li>\n\n\n    \n\n<li><a href='?page_no=51013'>Last &rsaquo;&rsaquo;<\/a><\/li>\n\n<\/ul>\n\n\n--><br \/>\n<\/body><\/p>\n","protected":false},"excerpt":{"rendered":"<p>WASHINGTON, 25 ene (Xinhua) &#8212; El presidente de Estados Unidos, Barack Obama, visitar\u00e1 Arabia Saudita el martes luego de la muerte del rey Abdullah ocurrida la semana pasada, anunci\u00f3 la Casa Blanca. Obama, en su camino hacia la India para una visita, llam\u00f3 al nuevo rey saud\u00ed, Salman bin Abdulaziz, para expresarle personalmente sus condolencias [&hellip;]<\/p>\n","protected":false},"author":3,"featured_media":0,"comment_status":"open","ping_status":"open","sticky":false,"template":"","format":"standard","meta":{"footnotes":""},"categories":[23],"tags":[],"class_list":["post-255467","post","type-post","status-publish","format-standard","hentry","category-internacional"],"_links":{"self":[{"href":"https:\/\/diariodominicano.com\/index.php?rest_route=\/wp\/v2\/posts\/255467","targetHints":{"allow":["GET"]}}],"collection":[{"href":"https:\/\/diariodominicano.com\/index.php?rest_route=\/wp\/v2\/posts"}],"about":[{"href":"https:\/\/diariodominicano.com\/index.php?rest_route=\/wp\/v2\/types\/post"}],"author":[{"embeddable":true,"href":"https:\/\/diariodominicano.com\/index.php?rest_route=\/wp\/v2\/users\/3"}],"replies":[{"embeddable":true,"href":"https:\/\/diariodominicano.com\/index.php?rest_route=%2Fwp%2Fv2%2Fcomments&post=255467"}],"version-history":[{"count":0,"href":"https:\/\/diariodominicano.com\/index.php?rest_route=\/wp\/v2\/posts\/255467\/revisions"}],"wp:attachment":[{"href":"https:\/\/diariodominicano.com\/index.php?rest_route=%2Fwp%2Fv2%2Fmedia&parent=255467"}],"wp:term":[{"taxonomy":"category","embeddable":true,"href":"https:\/\/diariodominicano.com\/index.php?rest_route=%2Fwp%2Fv2%2Fcategories&post=255467"},{"taxonomy":"post_tag","embeddable":true,"href":"https:\/\/diariodominicano.com\/index.php?rest_route=%2Fwp%2Fv2%2Ftags&post=255467"}],"curies":[{"name":"wp","href":"https:\/\/api.w.org\/{rel}","templated":true}]}}