{"id":255466,"date":"2015-01-25T11:13:24","date_gmt":"2015-01-25T11:13:24","guid":{"rendered":"http:\/\/diariodominicano.ddns.net\/?p=255466"},"modified":"2015-01-25T11:13:24","modified_gmt":"2015-01-25T11:13:24","slug":"muerte-de-un-rehen-del-estado-islamico-impacta-a-japon","status":"publish","type":"post","link":"https:\/\/diariodominicano.com\/?p=255466","title":{"rendered":"Muerte de un reh\u00e9n del Estado Isl\u00e1mico impacta a Jap\u00f3n"},"content":{"rendered":"<p><body><\/p>\n<p><img decoding=\"async\" src=\"img3\/yiha 2.JPG\" \/>  <\/p>\n<p>Tokio, Jap\u00f3n 25 enero.- Desde el primer ministro a la gente de a pie, los japoneses respondieron el domingo con conmoci\u00f3n al video que presuntamente muestra la muerte de uno de los dos rehenes en manos del grupo extremista Estado Isl\u00e1mico.<\/p>\n<\/p>\n<p>Con la atenci\u00f3n nacional centrada en los esfuerzos para salvar al otro reh\u00e9n, el periodista de 47 a\u00f1os Kenji Goto, algunos criticaron la apuesta del primer ministro, Shinzo Abe, para un Jap\u00f3n m\u00e1s contundente como la responsable de la crisis de rehenes.<\/p>\n<\/p>\n<p>Un sombr\u00edo Abe apareci\u00f3 en la cadena p\u00fablica japonesa NHK a primera hora del domingo pidiendo a la milicia la liberaci\u00f3n de Goto ileso. Dijo que probablemente el \u00faltimo video era autentico, aunque a\u00f1adi\u00f3 que el gobierno sigue estudi\u00e1ndolo, y ofreci\u00f3 sus condolencias a la familia y amigos de Haruna Yukawa, un aventurero de 42 a\u00f1os que fue capturado el a\u00f1o pasado en Siria.<\/p>\n<\/p>\n<p>Declin\u00f3 comentar el mensaje incluido en la grabaci\u00f3n, en el que se ped\u00eda un intercambio de prisioneros a cambio de Goto. Solo dijo que el gobierno segu\u00eda trabajando en el tema, y reiter\u00f3 que Jap\u00f3n condena el terrorismo.<\/p>\n<\/p>\n<p>\u00abMe he quedado sin palabras\u00bb, dijo, subrayando que quiere que Goto quede en libertad ileso. \u00abCondenamos total y de forma contundente estos actos\u00bb.<\/p>\n<\/p>\n<p>El padre de Yukawa, Shoichi, dijo que \u00aben el fondo de su coraz\u00f3n\u00bb esperaba que la noticia del asesinato de su hijo no fuese cierta.<\/p>\n<\/p>\n<p>\u00abSi alguna vez me re\u00fano con \u00e9l, solo quiero darle un gran abrazo\u00bb, dijo.<\/p>\n<\/p>\n<p>El presidente Barack Obama, conden\u00f3 lo que calific\u00f3 de \u00bb brutal asesinato \u00bb de Yukawa y ofreci\u00f3 sus condolencias a Abe a su llegada a la India. Obama a\u00f1adi\u00f3 que Estados Unidos estar\u00e1 \u00abhombro con hombro\u00bb con Jap\u00f3n y pidi\u00f3 la puesta en libertad del segundo reh\u00e9n.<\/p>\n<\/p>\n<p>The Associated Press no logr\u00f3 verificar la veracidad del mensaje, que variaba considerablemente respecto de anteriores videos que ha difundido el grupo Estado Isl\u00e1mico, que ahora controla un tercio del territorio en Siria e Irak.<\/p>\n<\/p>\n<p>Patrick Ventrell, portavoz del Consejo de Seguridad Nacional de la Casa Blanca, dijo que funcionarios estadounidenses de inteligencia estaban trabajando tambi\u00e9n para confirmar la autenticidad de la grabaci\u00f3n.<\/p>\n<\/p>\n<p>La amenaza del grupo Estado Isl\u00e1mico coincidi\u00f3 con el viaje de Abe a Oriente Medio, donde anunci\u00f3 un paquete de 200 millones de d\u00f3lares de ayuda humanitaria para los pa\u00edses que luchan contra los insurgentes.<\/p>\n<\/p>\n<p>La milicia se dirigi\u00f3 al mandatario y pidi\u00f3 la misma cifra como rescate en un video publicado el 20 de enero y en el que amenazaba con decapitar a Yukawa y Goto en 72 horas.<\/p>\n<\/p>\n<p>\u00abSiento que los actos superficiales y err\u00f3neos de Abe han desencadenado esta petici\u00f3n de un rescate\u00bb, dijo Toshiko Okada, ex administrador de una escuela de ingl\u00e9s, que se vio sorprendido por la noticia y que rezaba por las vidas de los cautivos. \u00abQuiz\u00e1s deber\u00eda atender a los problemas del pa\u00eds\u00bb.<\/p>\n<\/p>\n<p>En sus declaraciones a primera hora del domingo, Abe reiter\u00f3 que el gobierno japon\u00e9s no sucumbir\u00e1 al terrorismo y que seguir\u00e1 cooperando con la comunidad internacional para combatirlo.<\/p>\n<\/p>\n<p>La madre de Goto, Junko Ishido, declar\u00f3 en entrevista televisada a la emisora p\u00fablica japonesa NHK que en el supuesto mensaje su hijo \u00abparec\u00eda hablar seriamente sobre su situaci\u00f3n\u00bb.<\/p>\n<\/p>\n<p>\u00abEstoy petrificada\u00bb, dijo Ishido. \u00ab\u00c9l tiene hijos. Rezo por su pronto regreso, es todo lo que quiero\u00bb.<\/p>\n<h6> 2015-01-25 11:13:24 <\/h6>\n<p><!--\n<link rel=\"stylesheet\" href=\"css\/bootstrap.min.css\">\n\n\n<ul class=\"pagination\">\n\t    \n\t\n\n<li >\n\t<a href='?page_no=25110'>Previous<\/a>\n\t<\/li>\n\n\n       \n    \n\n<li><a href='?page_no=1'>1<\/a><\/li>\n\n\n\n<li><a href='?page_no=2'>2<\/a><\/li>\n\n\n\n<li><a>...<\/a><\/li>\n\n\n\n<li><a href='?page_no=25109'>25109<\/a><\/li>\n\n\n\n<li><a href='?page_no=25110'>25110<\/a><\/li>\n\n\n\n<li class='active'><a>25111<\/a><\/li>\n\n\n\n<li><a href='?page_no=25112'>25112<\/a><\/li>\n\n\n\n<li><a href='?page_no=25113'>25113<\/a><\/li>\n\n\n\n<li><a>...<\/a><\/li>\n\n\n\n<li><a href='?page_no=51012'>51012<\/a><\/li>\n\n\n\n<li><a href='?page_no=51013'>51013<\/a><\/li>\n\n    \n\t\n\n<li >\n\t<a href='?page_no=25112'>Next<\/a>\n\t<\/li>\n\n\n    \n\n<li><a href='?page_no=51013'>Last &rsaquo;&rsaquo;<\/a><\/li>\n\n<\/ul>\n\n\n--><br \/>\n<\/body><\/p>\n","protected":false},"excerpt":{"rendered":"<p>Tokio, Jap\u00f3n 25 enero.- Desde el primer ministro a la gente de a pie, los japoneses respondieron el domingo con conmoci\u00f3n al video que presuntamente muestra la muerte de uno de los dos rehenes en manos del grupo extremista Estado Isl\u00e1mico. Con la atenci\u00f3n nacional centrada en los esfuerzos para salvar al otro reh\u00e9n, el [&hellip;]<\/p>\n","protected":false},"author":3,"featured_media":0,"comment_status":"open","ping_status":"open","sticky":false,"template":"","format":"standard","meta":{"footnotes":""},"categories":[23],"tags":[],"class_list":["post-255466","post","type-post","status-publish","format-standard","hentry","category-internacional"],"_links":{"self":[{"href":"https:\/\/diariodominicano.com\/index.php?rest_route=\/wp\/v2\/posts\/255466","targetHints":{"allow":["GET"]}}],"collection":[{"href":"https:\/\/diariodominicano.com\/index.php?rest_route=\/wp\/v2\/posts"}],"about":[{"href":"https:\/\/diariodominicano.com\/index.php?rest_route=\/wp\/v2\/types\/post"}],"author":[{"embeddable":true,"href":"https:\/\/diariodominicano.com\/index.php?rest_route=\/wp\/v2\/users\/3"}],"replies":[{"embeddable":true,"href":"https:\/\/diariodominicano.com\/index.php?rest_route=%2Fwp%2Fv2%2Fcomments&post=255466"}],"version-history":[{"count":0,"href":"https:\/\/diariodominicano.com\/index.php?rest_route=\/wp\/v2\/posts\/255466\/revisions"}],"wp:attachment":[{"href":"https:\/\/diariodominicano.com\/index.php?rest_route=%2Fwp%2Fv2%2Fmedia&parent=255466"}],"wp:term":[{"taxonomy":"category","embeddable":true,"href":"https:\/\/diariodominicano.com\/index.php?rest_route=%2Fwp%2Fv2%2Fcategories&post=255466"},{"taxonomy":"post_tag","embeddable":true,"href":"https:\/\/diariodominicano.com\/index.php?rest_route=%2Fwp%2Fv2%2Ftags&post=255466"}],"curies":[{"name":"wp","href":"https:\/\/api.w.org\/{rel}","templated":true}]}}