{"id":255459,"date":"2015-01-26T11:12:52","date_gmt":"2015-01-26T11:12:52","guid":{"rendered":"http:\/\/diariodominicano.ddns.net\/?p=255459"},"modified":"2015-01-26T11:12:52","modified_gmt":"2015-01-26T11:12:52","slug":"llega-a-paris-el-cadaver-del-rehen-frances-decapitado-en-argelia","status":"publish","type":"post","link":"https:\/\/diariodominicano.com\/?p=255459","title":{"rendered":"Llega a Par\u00eds el cad\u00e1ver del reh\u00e9n franc\u00e9s decapitado en Argelia"},"content":{"rendered":"<p><body><\/p>\n<p><img decoding=\"async\" src=\"img3\/llega 3.jpg\" \/>  <\/p>\n<p>Par\u00eds, Francia 26 enero.- El cad\u00e1ver del monta\u00f1ero franc\u00e9s Herv\u00e9 Gourdel, decapitado el pasado septiembre por un grupo yihadista, fue repatriado hoy a Par\u00eds, once d\u00edas despu\u00e9s de su descubrimiento en la Cabilia argelina.<\/p>\n<\/p>\n<p>Est\u00e1 previsto que el difunto reciba un homenaje en el propio aeropuerto, en el que participar\u00e1n sus familiares y el ministro franc\u00e9s de Exteriores, Laurent Fabius.<\/p>\n<\/p>\n<p>Gourdel, un experimentado alpinista de 55 a\u00f1os, fue secuestrado el 21 de septiembre durante un paseo por la monta\u00f1a cabil por un grupo identificado como Yund al Jilafa (Soldados del Califato), hasta hac\u00eda poco desconocido y que acababa de proclamar su lealtad al yihadista Estado Isl\u00e1mico (EI) de Abu Bakr al Bagdadi.<\/p>\n<\/p>\n<p>Poco despu\u00e9s del secuestro, el grupo hizo p\u00fablico un v\u00eddeo en el que exig\u00eda que Francia cesara sus operaciones militares en Siria e Irak en 24 horas.<\/p>\n<\/p>\n<p>Al no conseguirlo, el 25 de septiembre se divulg\u00f3 otro v\u00eddeo con el asesinato y la decapitaci\u00f3n del reh\u00e9n.<\/p>\n<\/p>\n<p>El l\u00edder del grupo Yund al Jilafa, Abdelmalek al Guri, fue abatido por miembros del Ej\u00e9rcito junto a dos personas m\u00e1s, tambi\u00e9n presuntos terroristas, el pasado 22 de diciembre.<\/p>\n<\/p>\n<h6> 2015-01-26 11:12:52 <\/h6>\n<p><!--\n<link rel=\"stylesheet\" href=\"css\/bootstrap.min.css\">\n\n\n<ul class=\"pagination\">\n\t    \n\t\n\n<li >\n\t<a href='?page_no=25103'>Previous<\/a>\n\t<\/li>\n\n\n       \n    \n\n<li><a href='?page_no=1'>1<\/a><\/li>\n\n\n\n<li><a href='?page_no=2'>2<\/a><\/li>\n\n\n\n<li><a>...<\/a><\/li>\n\n\n\n<li><a href='?page_no=25102'>25102<\/a><\/li>\n\n\n\n<li><a href='?page_no=25103'>25103<\/a><\/li>\n\n\n\n<li class='active'><a>25104<\/a><\/li>\n\n\n\n<li><a href='?page_no=25105'>25105<\/a><\/li>\n\n\n\n<li><a href='?page_no=25106'>25106<\/a><\/li>\n\n\n\n<li><a>...<\/a><\/li>\n\n\n\n<li><a href='?page_no=51012'>51012<\/a><\/li>\n\n\n\n<li><a href='?page_no=51013'>51013<\/a><\/li>\n\n    \n\t\n\n<li >\n\t<a href='?page_no=25105'>Next<\/a>\n\t<\/li>\n\n\n    \n\n<li><a href='?page_no=51013'>Last &rsaquo;&rsaquo;<\/a><\/li>\n\n<\/ul>\n\n\n--><br \/>\n<\/body><\/p>\n","protected":false},"excerpt":{"rendered":"<p>Par\u00eds, Francia 26 enero.- El cad\u00e1ver del monta\u00f1ero franc\u00e9s Herv\u00e9 Gourdel, decapitado el pasado septiembre por un grupo yihadista, fue repatriado hoy a Par\u00eds, once d\u00edas despu\u00e9s de su descubrimiento en la Cabilia argelina. Est\u00e1 previsto que el difunto reciba un homenaje en el propio aeropuerto, en el que participar\u00e1n sus familiares y el ministro [&hellip;]<\/p>\n","protected":false},"author":3,"featured_media":0,"comment_status":"open","ping_status":"open","sticky":false,"template":"","format":"standard","meta":{"footnotes":""},"categories":[23],"tags":[],"class_list":["post-255459","post","type-post","status-publish","format-standard","hentry","category-internacional"],"_links":{"self":[{"href":"https:\/\/diariodominicano.com\/index.php?rest_route=\/wp\/v2\/posts\/255459","targetHints":{"allow":["GET"]}}],"collection":[{"href":"https:\/\/diariodominicano.com\/index.php?rest_route=\/wp\/v2\/posts"}],"about":[{"href":"https:\/\/diariodominicano.com\/index.php?rest_route=\/wp\/v2\/types\/post"}],"author":[{"embeddable":true,"href":"https:\/\/diariodominicano.com\/index.php?rest_route=\/wp\/v2\/users\/3"}],"replies":[{"embeddable":true,"href":"https:\/\/diariodominicano.com\/index.php?rest_route=%2Fwp%2Fv2%2Fcomments&post=255459"}],"version-history":[{"count":0,"href":"https:\/\/diariodominicano.com\/index.php?rest_route=\/wp\/v2\/posts\/255459\/revisions"}],"wp:attachment":[{"href":"https:\/\/diariodominicano.com\/index.php?rest_route=%2Fwp%2Fv2%2Fmedia&parent=255459"}],"wp:term":[{"taxonomy":"category","embeddable":true,"href":"https:\/\/diariodominicano.com\/index.php?rest_route=%2Fwp%2Fv2%2Fcategories&post=255459"},{"taxonomy":"post_tag","embeddable":true,"href":"https:\/\/diariodominicano.com\/index.php?rest_route=%2Fwp%2Fv2%2Ftags&post=255459"}],"curies":[{"name":"wp","href":"https:\/\/api.w.org\/{rel}","templated":true}]}}